{"id":18375,"date":"2018-04-18T13:17:38","date_gmt":"2018-04-18T11:17:38","guid":{"rendered":"http:\/\/www.messinaoggi.it\/website\/?p=18375"},"modified":"2018-04-18T13:17:38","modified_gmt":"2018-04-18T11:17:38","slug":"verso-il-10-giugno-il-m5s-vuole-vincere-la-prova-del-nove-partendo-dai-villaggi","status":"publish","type":"post","link":"https:\/\/www.messinaoggi.it\/website\/2018\/04\/18\/verso-il-10-giugno-il-m5s-vuole-vincere-la-prova-del-nove-partendo-dai-villaggi\/","title":{"rendered":"Verso il 10 giugno, il M5S vuole vincere la prova del nove partendo dai villaggi"},"content":{"rendered":"<p style=\"text-align: justify\">Dopo gli exploit ottenuti in citt\u00e0 in occasione delle elezioni regionali e politiche, il Movimento 5 Stelle \u00e8 chiamato all\u2019autentica prova del nove. Le amministrative del prossimo 10 Giugno rappresentano un\u2019opportunit\u00e0 storica, perch\u00e9 l\u2019intento \u00e8 quello di tenere accesa la fiamma dell\u2019entusiasmo diventata sempre pi\u00f9 alta dopo il clamoroso 28-0 ottenuto nei collegi uninominali di tutta la Sicilia alle Politiche, ma le amministrative vivono di logiche diverse.<div id=\"div-gpt-ad-Messinaoggi.it-DSK-300x250-corpoart\" style=\"text-align:center;margin:0 auto;\"><\/div><\/p>\n<p style=\"text-align: justify\">Ad essere premiato \u00e8 il radicamento sul territorio, il lavoro che si \u00e8 fatto tanto in periferia quanto nel centro cittadino ed i frutti di questa semina si vedranno tra poco meno di due mesi. Gi\u00e0 i villaggi e le periferie, questo il punto da cui vuole partire il candidato sindaco, Gaetano Sciacca, che ha iniziato la propria campagna elettorale nelle frazioni dell\u2019estrema periferia sud, ma molto presto saranno abbracciati tutti i villaggi.<div id=\"videoincontent\" style=\"clear:both\";><\/div><\/p>\n<p style=\"text-align: justify\">L\u2019intento \u00e8 quello di riempire le piazze, parlare con i cittadini guardandoli negli occhi, ma soprattutto di evitare un \u201ceffetto Accorinti\u201d al contrario, perch\u00e9 \u00e8 proprio nei villaggi che si respira la maggior delusione per quanto doveva essere e non \u00e8 stato gli ultimi 5 anni. Nel suo programma, Sciacca punter\u00e0 sfruttare al massimo le competenze maturate alla guida del Genio Civile e dell\u2019Ufficio del Lavoro, quindi spazio alla riorganizzazione della macchina comunale, ma soprattutto messa in sicurezza del territorio creando anche posti di lavoro.<\/p>\n<p style=\"text-align: justify\">A supporto di Sciacca ci sar\u00e0 una sola lista, quella del movimento, scelta completamente in linea con le altre esperienze nazionali anche per quanto riguarda la scelta dei candidati. Quindi spazio a volti nuovi, alla prima esperienza politica. Rispetto al 2013, per\u00f2, la novit\u00e0 sar\u00e0 rappresentata dalla presenza del movimento anche nelle Circoscrizioni, che allora furono ritenute illegittime in base all\u2019interpretazione della legge regionale.<\/p>\n<p style=\"text-align: justify\">L\u2019eventuale amministrazione Sciacca porter\u00e0 avanti un\u2019opera di completo decentramento, visto che le Circoscrizioni negli ultimi anni sono state investite di nuove responsabilit\u00e0 a fronte di nessuna copertura economica. I grillini presenteranno anche un proprio candidato alla presidenza di ogni Circoscrizione e se per il la I, la II, e la VI tutto sembra ancora da definire, nella III, IV e V i nomi pi\u00f9 caldi sembrano essere quelli di Alessandro Geraci, Renato Coletta e Giacinto Santoro.<\/p>\n","protected":false},"excerpt":{"rendered":"<p>Dopo gli exploit ottenuti in citt\u00e0 in occasione delle elezioni regionali e politiche, il Movimento 5 Stelle \u00e8 chiamato all\u2019autentica prova del nove. Le amministrative del prossimo 10 Giugno rappresentano un\u2019opportunit\u00e0 storica, perch\u00e9 l\u2019intento \u00e8 quello di tenere accesa la fiamma dell\u2019entusiasmo diventata sempre pi\u00f9 alta dopo il clamoroso 28-0 ottenuto nei collegi uninominali di [&hellip;]<\/p>\n","protected":false},"author":14,"featured_media":7949,"comment_status":"closed","ping_status":"open","sticky":false,"template":"","format":"standard","meta":{"ub_ctt_via":"","_mi_skip_tracking":false},"categories":[6],"tags":[],"featured_image_src":"https:\/\/www.messinaoggi.it\/website\/wp-content\/uploads\/2017\/09\/conf-stampa-5-stelle-RRP_0115-2.jpg","author_info":{"display_name":"Antonio Macauda","author_link":"https:\/\/www.messinaoggi.it\/website\/author\/a-macauda\/"},"digistream_id":0,"digistream":false,"_links":{"self":[{"href":"https:\/\/www.messinaoggi.it\/website\/wp-json\/wp\/v2\/posts\/18375"}],"collection":[{"href":"https:\/\/www.messinaoggi.it\/website\/wp-json\/wp\/v2\/posts"}],"about":[{"href":"https:\/\/www.messinaoggi.it\/website\/wp-json\/wp\/v2\/types\/post"}],"author":[{"embeddable":true,"href":"https:\/\/www.messinaoggi.it\/website\/wp-json\/wp\/v2\/users\/14"}],"replies":[{"embeddable":true,"href":"https:\/\/www.messinaoggi.it\/website\/wp-json\/wp\/v2\/comments?post=18375"}],"version-history":[{"count":0,"href":"https:\/\/www.messinaoggi.it\/website\/wp-json\/wp\/v2\/posts\/18375\/revisions"}],"wp:featuredmedia":[{"embeddable":true,"href":"https:\/\/www.messinaoggi.it\/website\/wp-json\/wp\/v2\/media\/7949"}],"wp:attachment":[{"href":"https:\/\/www.messinaoggi.it\/website\/wp-json\/wp\/v2\/media?parent=18375"}],"wp:term":[{"taxonomy":"category","embeddable":true,"href":"https:\/\/www.messinaoggi.it\/website\/wp-json\/wp\/v2\/categories?post=18375"},{"taxonomy":"post_tag","embeddable":true,"href":"https:\/\/www.messinaoggi.it\/website\/wp-json\/wp\/v2\/tags?post=18375"}],"curies":[{"name":"wp","href":"https:\/\/api.w.org\/{rel}","templated":true}]}}