{"id":183630,"date":"2024-01-15T11:01:14","date_gmt":"2024-01-15T10:01:14","guid":{"rendered":"http:\/\/www.messinaoggi.it\/website\/?p=183630"},"modified":"2024-01-15T15:57:51","modified_gmt":"2024-01-15T14:57:51","slug":"sorpreso-a-rubare-capi-di-abbigliamento-19enne-finisce-in-carcere","status":"publish","type":"post","link":"https:\/\/www.messinaoggi.it\/website\/2024\/01\/15\/sorpreso-a-rubare-capi-di-abbigliamento-19enne-finisce-in-carcere\/","title":{"rendered":"Ruba capi di abbigliamento: 19enne finisce in carcere"},"content":{"rendered":"\n<p>Dovr\u00e0 rispondere del reato di furto aggravato un 19enne di nazionalit\u00e0 tunisina, gi\u00e0 noto alle forze dell&#8217;ordine, in quanto sorpreso a rubare capi di abbigliamento in un esercizio commerciale del centro cittadino.<div id=\"div-gpt-ad-Messinaoggi.it-DSK-300x250-corpoart\" style=\"text-align:center;margin:0 auto;\"><\/div><\/p>\n\n\n\n<p>Ricevuta una segnalazione dal personale addetto alla vigilanza antitaccheggio della Coin, i carabinieri del nucleo radiomobile sono intervenuti sul posto, laddove hanno individuato e fermato il 19enne mentre stava uscendo dall\u2019esercizio commerciale. Sottoposto a controllo, il giovane \u00e8 stato trovato in possesso di una tuta di una nota marca, asportata dagli scaffali nel reparto di abbigliamento, priva delle placche antitaccheggio, preventivamente rimosse dal presunto responsabile nel verosimile intento di eludere i sistemi vigilanza.<div id=\"videoincontent\" style=\"clear:both\";><\/div><\/p>\n\n\n\n<p>La refurtiva \u00e8 stata restituita al legittimo proprietario, mentre il giovane \u00e8 stato arrestato e, su disposizione dell\u2019autorit\u00e0 giudiziaria, ristretto presso il carcere di Messina Gazzi, in attesa di essere giudicato per il reato a lui addebitato.<\/p>\n","protected":false},"excerpt":{"rendered":"<p>Dovr\u00e0 rispondere del reato di furto aggravato un 19enne di nazionalit\u00e0 tunisina, gi\u00e0 noto alle forze dell&#8217;ordine, in quanto sorpreso a rubare capi di abbigliamento in un esercizio commerciale del centro cittadino. Ricevuta una segnalazione dal personale addetto alla vigilanza antitaccheggio della Coin, i carabinieri del nucleo radiomobile sono intervenuti sul posto, laddove hanno individuato [&hellip;]<\/p>\n","protected":false},"author":8,"featured_media":183675,"comment_status":"open","ping_status":"open","sticky":false,"template":"","format":"standard","meta":{"ub_ctt_via":"","_mi_skip_tracking":false},"categories":[5],"tags":[673,602,3852],"featured_image_src":"https:\/\/www.messinaoggi.it\/website\/wp-content\/uploads\/2024\/01\/carabinieri-messina-7d3e7jt0fuj2vacfol1lyd6l8jhe7fu8supc919fn7q.jpg","author_info":{"display_name":"red..me","author_link":"https:\/\/www.messinaoggi.it\/website\/author\/redstage\/"},"digistream_id":0,"digistream":false,"_links":{"self":[{"href":"https:\/\/www.messinaoggi.it\/website\/wp-json\/wp\/v2\/posts\/183630"}],"collection":[{"href":"https:\/\/www.messinaoggi.it\/website\/wp-json\/wp\/v2\/posts"}],"about":[{"href":"https:\/\/www.messinaoggi.it\/website\/wp-json\/wp\/v2\/types\/post"}],"author":[{"embeddable":true,"href":"https:\/\/www.messinaoggi.it\/website\/wp-json\/wp\/v2\/users\/8"}],"replies":[{"embeddable":true,"href":"https:\/\/www.messinaoggi.it\/website\/wp-json\/wp\/v2\/comments?post=183630"}],"version-history":[{"count":2,"href":"https:\/\/www.messinaoggi.it\/website\/wp-json\/wp\/v2\/posts\/183630\/revisions"}],"predecessor-version":[{"id":183676,"href":"https:\/\/www.messinaoggi.it\/website\/wp-json\/wp\/v2\/posts\/183630\/revisions\/183676"}],"wp:featuredmedia":[{"embeddable":true,"href":"https:\/\/www.messinaoggi.it\/website\/wp-json\/wp\/v2\/media\/183675"}],"wp:attachment":[{"href":"https:\/\/www.messinaoggi.it\/website\/wp-json\/wp\/v2\/media?parent=183630"}],"wp:term":[{"taxonomy":"category","embeddable":true,"href":"https:\/\/www.messinaoggi.it\/website\/wp-json\/wp\/v2\/categories?post=183630"},{"taxonomy":"post_tag","embeddable":true,"href":"https:\/\/www.messinaoggi.it\/website\/wp-json\/wp\/v2\/tags?post=183630"}],"curies":[{"name":"wp","href":"https:\/\/api.w.org\/{rel}","templated":true}]}}