{"id":183622,"date":"2024-01-15T09:26:45","date_gmt":"2024-01-15T08:26:45","guid":{"rendered":"http:\/\/www.messinaoggi.it\/website\/?p=183622"},"modified":"2024-01-15T09:26:46","modified_gmt":"2024-01-15T08:26:46","slug":"paura-al-porto-di-tremestieri-uomo-finisce-col-mezzo-in-mare","status":"publish","type":"post","link":"https:\/\/www.messinaoggi.it\/website\/2024\/01\/15\/paura-al-porto-di-tremestieri-uomo-finisce-col-mezzo-in-mare\/","title":{"rendered":"Paura al porto di Tremestieri: uomo finisce col mezzo in mare"},"content":{"rendered":"\n<p>Tragedia sfiorata al porto di Tremestieri, dove un Fiat Fiorino con all&#8217;interno il suo conducente, un uomo di 82 anni, sono finiti in mare. Pare che l&#8217;incidente sia dovuto a una manovra errata da parte dell&#8217;uomo, a seguito della quale il mezzo \u00e8 caduto dalla banchina del porto.<div id=\"div-gpt-ad-Messinaoggi.it-DSK-300x250-corpoart\" style=\"text-align:center;margin:0 auto;\"><\/div><\/p>\n\n\n\n<p>L&#8217;uomo in ogni caso \u00e8 riuscito ad aprire lo sportello del mezzo, riuscendo pertanto ad uscire. Dopodich\u00e9, \u00e8 stato prontamente tratto in salvo dagli uomini in servizio al porto. Nel frattempo sono giunti sul posto anche gli operatori del 118 e i vigili del fuoco per prestare le operazioni di primo soccorso. <div id=\"videoincontent\" style=\"clear:both\";><\/div><\/p>\n\n\n\n<p>Lo scivolo 1 del porto al momento \u00e8 stato chiuso. Nelle prossime ore avverr\u00e0 il recupero del furgone finito in mare.<\/p>\n","protected":false},"excerpt":{"rendered":"<p>Tragedia sfiorata al porto di Tremestieri, dove un Fiat Fiorino con all&#8217;interno il suo conducente, un uomo di 82 anni, sono finiti in mare. Pare che l&#8217;incidente sia dovuto a una manovra errata da parte dell&#8217;uomo, a seguito della quale il mezzo \u00e8 caduto dalla banchina del porto. L&#8217;uomo in ogni caso \u00e8 riuscito ad [&hellip;]<\/p>\n","protected":false},"author":8,"featured_media":50148,"comment_status":"open","ping_status":"open","sticky":false,"template":"","format":"standard","meta":{"ub_ctt_via":"","_mi_skip_tracking":false},"categories":[19],"tags":[74,4264,75],"featured_image_src":"https:\/\/www.messinaoggi.it\/website\/wp-content\/uploads\/2020\/12\/porto-tremestieri-6.jpg","author_info":{"display_name":"red..me","author_link":"https:\/\/www.messinaoggi.it\/website\/author\/redstage\/"},"digistream_id":0,"digistream":false,"_links":{"self":[{"href":"https:\/\/www.messinaoggi.it\/website\/wp-json\/wp\/v2\/posts\/183622"}],"collection":[{"href":"https:\/\/www.messinaoggi.it\/website\/wp-json\/wp\/v2\/posts"}],"about":[{"href":"https:\/\/www.messinaoggi.it\/website\/wp-json\/wp\/v2\/types\/post"}],"author":[{"embeddable":true,"href":"https:\/\/www.messinaoggi.it\/website\/wp-json\/wp\/v2\/users\/8"}],"replies":[{"embeddable":true,"href":"https:\/\/www.messinaoggi.it\/website\/wp-json\/wp\/v2\/comments?post=183622"}],"version-history":[{"count":1,"href":"https:\/\/www.messinaoggi.it\/website\/wp-json\/wp\/v2\/posts\/183622\/revisions"}],"predecessor-version":[{"id":183623,"href":"https:\/\/www.messinaoggi.it\/website\/wp-json\/wp\/v2\/posts\/183622\/revisions\/183623"}],"wp:featuredmedia":[{"embeddable":true,"href":"https:\/\/www.messinaoggi.it\/website\/wp-json\/wp\/v2\/media\/50148"}],"wp:attachment":[{"href":"https:\/\/www.messinaoggi.it\/website\/wp-json\/wp\/v2\/media?parent=183622"}],"wp:term":[{"taxonomy":"category","embeddable":true,"href":"https:\/\/www.messinaoggi.it\/website\/wp-json\/wp\/v2\/categories?post=183622"},{"taxonomy":"post_tag","embeddable":true,"href":"https:\/\/www.messinaoggi.it\/website\/wp-json\/wp\/v2\/tags?post=183622"}],"curies":[{"name":"wp","href":"https:\/\/api.w.org\/{rel}","templated":true}]}}