{"id":183375,"date":"2024-01-12T09:35:07","date_gmt":"2024-01-12T08:35:07","guid":{"rendered":"http:\/\/www.messinaoggi.it\/website\/?p=183375"},"modified":"2024-01-12T09:35:09","modified_gmt":"2024-01-12T08:35:09","slug":"posteggio-viale-europa-la-uil-fpl-lancia-lallarme-per-il-piemonte","status":"publish","type":"post","link":"https:\/\/www.messinaoggi.it\/website\/2024\/01\/12\/posteggio-viale-europa-la-uil-fpl-lancia-lallarme-per-il-piemonte\/","title":{"rendered":"Posteggio viale Europa, la Uil-Fpl lancia l&#8217;allarme per il Piemonte"},"content":{"rendered":"\n<p>&#8220;Quel parcheggio potrebbe creare disagi all&#8217;ospedale Piemonte. Soprattutto creare intralcio alle ambulanze che accedono al Pronto soccorso&#8221;.<div id=\"div-gpt-ad-Messinaoggi.it-DSK-300x250-corpoart\" style=\"text-align:center;margin:0 auto;\"><\/div><\/p>\n\n\n\n<p>L&#8217;allarme lo lancia la Uil-Fpl di Messina che ha gi\u00e0 inviato una nota alle autorit\u00e0 competenti per scongiurare che la realizzazione del parcheggio di interscambio posso intralciare l&#8217;operato del Pronto soccorso generale.<div id=\"videoincontent\" style=\"clear:both\";><\/div><\/p>\n\n\n\n<figure class=\"wp-block-image size-large\"><img loading=\"lazy\" width=\"997\" height=\"796\" src=\"http:\/\/www.messinaoggi.it\/website\/wp-content\/uploads\/2023\/12\/unnamed-1.jpg\" alt=\"\" class=\"wp-image-180581\" srcset=\"https:\/\/www.messinaoggi.it\/website\/wp-content\/uploads\/2023\/12\/unnamed-1.jpg 997w, https:\/\/www.messinaoggi.it\/website\/wp-content\/uploads\/2023\/12\/unnamed-1-300x240.jpg 300w, https:\/\/www.messinaoggi.it\/website\/wp-content\/uploads\/2023\/12\/unnamed-1-768x613.jpg 768w\" sizes=\"(max-width: 997px) 100vw, 997px\" \/><figcaption><strong>Livio Andronico e Maurizio Celona della Uil-Fpl Messina<\/strong><\/figcaption><\/figure>\n\n\n\n<p>Una netta presa di posizione del sindacato che ha anche raccolto le lagnanze del personale che adesso dovr\u00e0 fare i conti con un &#8220;balzello&#8221; visto e considerato che la zona adibita a posteggio sar\u00e0 a pagamento.<\/p>\n\n\n\n<p>Ma la cosa che sta pi\u00f9 a cuore all&#8217;organizzazione sindacale \u00e8 proprio il possibile intralcio che il posteggio potrebbe creare al lavoro dei soccorritori. Di fatto, temono i sindacalisti guidati da Livio Andronico, che in corrispondenza del posteggio possa crearsi una sorta di imbuto che impedisce alle ambulanze di raggiungere il Pronto soccorso.<\/p>\n\n\n\n<p>La questione di non poco conto \u00e8 finita sul tavolo dell&#8217;assessore alla mobilit\u00e0 Salvatore Mondello che avr\u00e0 il compito di trovare una soluzione, tenuto conto che con la &#8220;vita&#8221; delle persone bisogna usare le opportune precauzioni.<\/p>\n\n\n\n<p>&#8220;Su questo argomento  &#8211; afferma Livio Andrinico, segretario generale della Uil-Fpl di Messina &#8211; non arretreremo di un solo millimetro. La vita di una persona vale certamente molto di pi\u00f9 della sosta a pagamento. Mi auguro che l&#8217;amministrazione comunale possa trovare una soluzione adeguata per evitare che il parcheggio possa intralciare l&#8217;operato di chi \u00e8 preposto a salvare la vita delle persone&#8221;.<\/p>\n","protected":false},"excerpt":{"rendered":"<p>&#8220;Quel parcheggio potrebbe creare disagi all&#8217;ospedale Piemonte. Soprattutto creare intralcio alle ambulanze che accedono al Pronto soccorso&#8221;. L&#8217;allarme lo lancia la Uil-Fpl di Messina che ha gi\u00e0 inviato una nota alle autorit\u00e0 competenti per scongiurare che la realizzazione del parcheggio di interscambio posso intralciare l&#8217;operato del Pronto soccorso generale. Una netta presa di posizione del [&hellip;]<\/p>\n","protected":false},"author":2,"featured_media":10299,"comment_status":"open","ping_status":"open","sticky":false,"template":"","format":"standard","meta":{"ub_ctt_via":"","_mi_skip_tracking":false},"categories":[6],"tags":[2462,934,225,2647,115],"featured_image_src":"https:\/\/www.messinaoggi.it\/website\/wp-content\/uploads\/2017\/10\/Irccs-Piemonte-ingresso-carrabile-pronto-soccorso-messinaoggiMarcyR.jpg","author_info":{"display_name":"Redazione","author_link":"https:\/\/www.messinaoggi.it\/website\/author\/redazione\/"},"digistream_id":0,"digistream":false,"_links":{"self":[{"href":"https:\/\/www.messinaoggi.it\/website\/wp-json\/wp\/v2\/posts\/183375"}],"collection":[{"href":"https:\/\/www.messinaoggi.it\/website\/wp-json\/wp\/v2\/posts"}],"about":[{"href":"https:\/\/www.messinaoggi.it\/website\/wp-json\/wp\/v2\/types\/post"}],"author":[{"embeddable":true,"href":"https:\/\/www.messinaoggi.it\/website\/wp-json\/wp\/v2\/users\/2"}],"replies":[{"embeddable":true,"href":"https:\/\/www.messinaoggi.it\/website\/wp-json\/wp\/v2\/comments?post=183375"}],"version-history":[{"count":1,"href":"https:\/\/www.messinaoggi.it\/website\/wp-json\/wp\/v2\/posts\/183375\/revisions"}],"predecessor-version":[{"id":183376,"href":"https:\/\/www.messinaoggi.it\/website\/wp-json\/wp\/v2\/posts\/183375\/revisions\/183376"}],"wp:featuredmedia":[{"embeddable":true,"href":"https:\/\/www.messinaoggi.it\/website\/wp-json\/wp\/v2\/media\/10299"}],"wp:attachment":[{"href":"https:\/\/www.messinaoggi.it\/website\/wp-json\/wp\/v2\/media?parent=183375"}],"wp:term":[{"taxonomy":"category","embeddable":true,"href":"https:\/\/www.messinaoggi.it\/website\/wp-json\/wp\/v2\/categories?post=183375"},{"taxonomy":"post_tag","embeddable":true,"href":"https:\/\/www.messinaoggi.it\/website\/wp-json\/wp\/v2\/tags?post=183375"}],"curies":[{"name":"wp","href":"https:\/\/api.w.org\/{rel}","templated":true}]}}