{"id":18328,"date":"2018-04-17T17:38:50","date_gmt":"2018-04-17T15:38:50","guid":{"rendered":"http:\/\/www.messinaoggi.it\/website\/?p=18328"},"modified":"2018-04-17T17:38:50","modified_gmt":"2018-04-17T15:38:50","slug":"inaugurazione-della-mostra-unique-series","status":"publish","type":"post","link":"https:\/\/www.messinaoggi.it\/website\/2018\/04\/17\/inaugurazione-della-mostra-unique-series\/","title":{"rendered":"Inaugurazione della mostra Unique Series"},"content":{"rendered":"<p>Venerd\u00ec, alle ore 18,00, nell\u2019ambito del progetto \u201cOpera al Centro\u201d, promosso dalla Sezione Arti Visive del Teatro Vittorio Emanuele, sar\u00e0 inaugurato \u00a0il vernissage dal titolo <strong>\u201cUnique Series\u201d<\/strong> dell\u2019artista\u00a0 <strong>\u00a0Antonello Arena<\/strong>, che apprende l\u2019arte del dipingere dalla zia materna, la pittrice Maria Baronello, con la quale collabora per diversi anni.<br \/>\nStaccatosi dalla figurazione classica, espone la nuova ricerca nel 1986 in \u201c<em>due artisti a confronto<\/em>\u201d e subito dopo in \u201c<em>frammenti<\/em>\u201d con un catalogo a cura dell\u2019amministrazione provinciale, curato da Luigi Ferlazzo Natoli. Altra tappa fondamentale della carriera artistica \u00e8 il 1988, con la mostra \u201c<em>inchiostri su carta<\/em>\u201d a cura di Tommaso Trini, Lucio Barbera e Teresa Pugliatti. La nuova figurazione \u201cinformale\u201d tocca diverse citt\u00e0 italiane ed estere con esposizioni in gallerie e fiere d\u2019arte. Dal 1990 al 1999 l\u2019attivit\u00e0 artistica di Arena si sviluppa in modo multiforme e multimediale, spaziando dai cortometraggi, alcuni dei quali premiati in sedi internazionali, alla progettazione di locali di tendenza; anche la pittura subisce una trasformazione, che vede l\u2019inserimento di motivi romantici nell\u2019informale esistente. L\u2019informale romantico, cos\u00ec viene battezzato da alcuni critici, viene esposto nel 1999 a Milano e Venezia presso lo \u201cSpazio Eleusys\u201d con la mostra \u201cPercorsi dell\u2019Anima\u201d a cura di Lucio Barbera e Martina Cavallarin. Nel 2000 viene invitato alla triennale di Milano col video \u201c<em>segni del tempo<\/em>\u201d e la Sony sponsorizza catalogo e mostra multimediale \u201csegni del tempo\u201d curata da Tiziana Ferrari, presso la Fondazione Mudima-Milano, con testi di Lucio Barbera e Martina Corgnati.<br \/>\n<img loading=\"lazy\" class=\"alignnone size-medium wp-image-18330\" src=\"http:\/\/www.messinaoggi.it\/website\/wp-content\/uploads\/2018\/04\/unique-03-225x300.jpg\" alt=\"\" width=\"225\" height=\"300\" \/><br \/>\nDal 2001 al 2002 collabora con la galleria \u201cFranco Cancelliere Arte contemporanea\u201d, molte le mostre collettive e personali di questo periodo, come \u201c<em>ritratti da collezione<\/em>\u201d, \u201c<em>la partita<\/em>\u201d, \u201c<em>favolosi anni \u201960<\/em>\u201d. Dal 2009 collabora col giornalista e direttore di Tempo Economico, Milo Goj, dal sodalizio nascono una serie di mostre ed eventi di altissimo prestigio. MIP &#8211; Milano, Spazio via della Spiga &#8211; Milano, Scuola di Palo Alto &#8211; Milano, Le Capannelle &#8211; Roma. Dal 2012 al 2014 una nuova esperienza con le resine, sia piane che tutto tondo, sia illuminate che luminose. Nel 2015 ritorna alla pittura con la serie \u201c<em>Metropoli<\/em>\u201d, grandi tele (Nuovo figurativo informale) che ritraggono per lo pi\u00f9 citt\u00e0 americane. Gli ultimi lavori \u201c<strong>Unique Series<\/strong>\u201d, vengono esposti da Giorgio Grasso a Venezia, nelle mostre: \u201cCharter &#8211; lo stato dell\u2019arte ai tempi della 57\u00b0 Biennale di Venezia\u201d ai Magazzini del sale e a Palazzo Zenobio sede ufficiale del padiglione Armenia 57\u00b0 Biennale di Venezia.<br \/>\n<img loading=\"lazy\" class=\"alignnone size-medium wp-image-18331\" src=\"http:\/\/www.messinaoggi.it\/website\/wp-content\/uploads\/2018\/04\/unique-03--225x300.jpg\" alt=\"\" width=\"225\" height=\"300\" \/><br \/>\nHa insegnato Pittura e Decorazione nelle Accademie di Messina, Patti, Roma, Capo d\u2019Orlando.<br \/>\nIl catalogo della mostra si avvale del testo critico di Gianluca Ranzi.<br \/>\nAll\u2019inaugurazione interverranno il Presidente del Teatro Vittorio Emanuele, Luciano Fiorino e il Sovrintendente Egidio Bernava.<br \/>\nLa mostra potr\u00e0 essere visitata fino a marted\u00ec 2 maggio dalle ore 10.00 alle 13.00 e dalle 16.30 alle 19.00, escluso il luned\u00ec.<br \/>\nUn evento da non perdere per scoprire la profondit\u00e0 di un\u2019artista che non conosce confini.<div id=\"div-gpt-ad-Messinaoggi.it-DSK-300x250-corpoart\" style=\"text-align:center;margin:0 auto;\"><\/div><\/p>\n<div id=\"videoincontent\" style=\"clear:both\";><\/div>","protected":false},"excerpt":{"rendered":"<p>Venerd\u00ec, alle ore 18,00, nell\u2019ambito del progetto \u201cOpera al Centro\u201d, promosso dalla Sezione Arti Visive del Teatro Vittorio Emanuele, sar\u00e0 inaugurato \u00a0il vernissage dal titolo \u201cUnique Series\u201d dell\u2019artista\u00a0 \u00a0Antonello Arena, che apprende l\u2019arte del dipingere dalla zia materna, la pittrice Maria Baronello, con la quale collabora per diversi anni. Staccatosi dalla figurazione classica, espone la [&hellip;]<\/p>\n","protected":false},"author":5,"featured_media":18329,"comment_status":"closed","ping_status":"open","sticky":false,"template":"","format":"standard","meta":{"ub_ctt_via":"","_mi_skip_tracking":false},"categories":[16],"tags":[],"featured_image_src":"https:\/\/www.messinaoggi.it\/website\/wp-content\/uploads\/2018\/04\/unique-1-2-1-1.jpg","author_info":{"display_name":"Maria Antonella Saia","author_link":"https:\/\/www.messinaoggi.it\/website\/author\/m-saia\/"},"digistream_id":0,"digistream":false,"_links":{"self":[{"href":"https:\/\/www.messinaoggi.it\/website\/wp-json\/wp\/v2\/posts\/18328"}],"collection":[{"href":"https:\/\/www.messinaoggi.it\/website\/wp-json\/wp\/v2\/posts"}],"about":[{"href":"https:\/\/www.messinaoggi.it\/website\/wp-json\/wp\/v2\/types\/post"}],"author":[{"embeddable":true,"href":"https:\/\/www.messinaoggi.it\/website\/wp-json\/wp\/v2\/users\/5"}],"replies":[{"embeddable":true,"href":"https:\/\/www.messinaoggi.it\/website\/wp-json\/wp\/v2\/comments?post=18328"}],"version-history":[{"count":0,"href":"https:\/\/www.messinaoggi.it\/website\/wp-json\/wp\/v2\/posts\/18328\/revisions"}],"wp:featuredmedia":[{"embeddable":true,"href":"https:\/\/www.messinaoggi.it\/website\/wp-json\/wp\/v2\/media\/18329"}],"wp:attachment":[{"href":"https:\/\/www.messinaoggi.it\/website\/wp-json\/wp\/v2\/media?parent=18328"}],"wp:term":[{"taxonomy":"category","embeddable":true,"href":"https:\/\/www.messinaoggi.it\/website\/wp-json\/wp\/v2\/categories?post=18328"},{"taxonomy":"post_tag","embeddable":true,"href":"https:\/\/www.messinaoggi.it\/website\/wp-json\/wp\/v2\/tags?post=18328"}],"curies":[{"name":"wp","href":"https:\/\/api.w.org\/{rel}","templated":true}]}}