{"id":183117,"date":"2024-01-09T13:00:46","date_gmt":"2024-01-09T12:00:46","guid":{"rendered":"http:\/\/www.messinaoggi.it\/website\/?p=183117"},"modified":"2024-01-09T13:00:47","modified_gmt":"2024-01-09T12:00:47","slug":"ponte-ciucci-a-messina-per-incontrare-basile-un-protocollo-sugli-espropri","status":"publish","type":"post","link":"https:\/\/www.messinaoggi.it\/website\/2024\/01\/09\/ponte-ciucci-a-messina-per-incontrare-basile-un-protocollo-sugli-espropri\/","title":{"rendered":"Ponte, Ciucci a Messina per incontrare Basile: &#8220;Un protocollo sugli espropri&#8221;"},"content":{"rendered":"\n<p>L&#8217;amministratore delegato di Stretto di Messina spa <strong>Pietro Ciucci<\/strong> ha incontrato stamane il sindaco di Messina <strong>Federico Basile<\/strong> a Palazzo Zanca per un aggiornamento sui prossimi sviluppi del progetto del Ponte sullo Stretto e della questione calda degli espropri.<div id=\"div-gpt-ad-Messinaoggi.it-DSK-300x250-corpoart\" style=\"text-align:center;margin:0 auto;\"><\/div><\/p>\n\n\n\n<p>Ecco cosa ha riferito Ciucci sugli argomenti trattati oggi e sulla situazione complessiva del progetto: <div id=\"videoincontent\" style=\"clear:both\";><\/div><\/p>\n\n\n\n<p>&#8220;Stiamo lavorando senza pause per aggiornare il progetto. Nelle prime settimane di febbraio contiamo di approvarlo in Consiglio d&#8217;amministrazione. Il Ponte \u00e8 un progetto del territorio per il territorio. Prossimamente avvieremo le attivit\u00e0 propedeutiche per gli espropri, dei quali stiamo aggiornando il piano. <\/p>\n\n\n\n<p>Faremo tutte le comunicazioni previste dalla legge, ed anche di pi\u00f9, per affrontare al meglio tutte le problematiche in vista dell&#8217;avvio formale della procedura espropriativa, nel momento in cui il Cipes approver\u00e0 il progetto, tra qualche mese, ed anche la dichiarazione di pubblica utilit\u00e0. <\/p>\n\n\n\n<p>Prima di ci\u00f2 contiamo di realizzare un aggiornamento di quel protocollo che avevamo gi\u00e0 stipulato nel 2011 con i piccoli proprietari e i comuni interessati per stabilire tempi e metodi del piano. Apriremo anche due information point a Messina e Villa San Giovanni. Quello di oggi \u00e8 un incontro per un aggiornamento, e come questo ce ne saranno altri man mano che il progetto andr\u00e0 avanti. <\/p>\n\n\n\n<p>L\u2019obiettivo che contiamo di raggiungere \u00e8 quello di partire con i lavori nell&#8217;estate 2024. Il progetto \u00e8 quello del 2011 nei suoi fondamentali, ma \u00e8 da rivisitare per aspetti innovativi, materiali, norme costruttive e situazioni ambientali. Quando sar\u00e0 approvato in cda si avvieranno la conferenza di servizi e la valutazione di impatto ambientale&#8221;. <\/p>\n\n\n\n<p><strong>Michele Bruno.<\/strong><\/p>\n","protected":false},"excerpt":{"rendered":"<p>L&#8217;amministratore delegato di Stretto di Messina spa Pietro Ciucci ha incontrato stamane il sindaco di Messina Federico Basile a Palazzo Zanca per un aggiornamento sui prossimi sviluppi del progetto del Ponte sullo Stretto e della questione calda degli espropri. Ecco cosa ha riferito Ciucci sugli argomenti trattati oggi e sulla situazione complessiva del progetto: &#8220;Stiamo [&hellip;]<\/p>\n","protected":false},"author":123457,"featured_media":183121,"comment_status":"open","ping_status":"open","sticky":false,"template":"","format":"standard","meta":{"ub_ctt_via":"","_mi_skip_tracking":false},"categories":[19,7567],"tags":[2972,30,8034,2536,623,630,7298,5554],"featured_image_src":"https:\/\/www.messinaoggi.it\/website\/wp-content\/uploads\/2024\/01\/Screenshot_20240109_125855_Chrome-e1704801613409.jpg","author_info":{"display_name":"Michele Bruno","author_link":"https:\/\/www.messinaoggi.it\/website\/author\/michele-bruno\/"},"digistream_id":0,"digistream":false,"_links":{"self":[{"href":"https:\/\/www.messinaoggi.it\/website\/wp-json\/wp\/v2\/posts\/183117"}],"collection":[{"href":"https:\/\/www.messinaoggi.it\/website\/wp-json\/wp\/v2\/posts"}],"about":[{"href":"https:\/\/www.messinaoggi.it\/website\/wp-json\/wp\/v2\/types\/post"}],"author":[{"embeddable":true,"href":"https:\/\/www.messinaoggi.it\/website\/wp-json\/wp\/v2\/users\/123457"}],"replies":[{"embeddable":true,"href":"https:\/\/www.messinaoggi.it\/website\/wp-json\/wp\/v2\/comments?post=183117"}],"version-history":[{"count":2,"href":"https:\/\/www.messinaoggi.it\/website\/wp-json\/wp\/v2\/posts\/183117\/revisions"}],"predecessor-version":[{"id":183119,"href":"https:\/\/www.messinaoggi.it\/website\/wp-json\/wp\/v2\/posts\/183117\/revisions\/183119"}],"wp:featuredmedia":[{"embeddable":true,"href":"https:\/\/www.messinaoggi.it\/website\/wp-json\/wp\/v2\/media\/183121"}],"wp:attachment":[{"href":"https:\/\/www.messinaoggi.it\/website\/wp-json\/wp\/v2\/media?parent=183117"}],"wp:term":[{"taxonomy":"category","embeddable":true,"href":"https:\/\/www.messinaoggi.it\/website\/wp-json\/wp\/v2\/categories?post=183117"},{"taxonomy":"post_tag","embeddable":true,"href":"https:\/\/www.messinaoggi.it\/website\/wp-json\/wp\/v2\/tags?post=183117"}],"curies":[{"name":"wp","href":"https:\/\/api.w.org\/{rel}","templated":true}]}}