{"id":182971,"date":"2024-01-08T10:08:00","date_gmt":"2024-01-08T09:08:00","guid":{"rendered":"https:\/\/www.messinaoggi.it\/website\/2024\/01\/08\/conte-meloni-governi-se-ne-e-capace\/"},"modified":"2024-01-08T10:08:00","modified_gmt":"2024-01-08T09:08:00","slug":"conte-meloni-governi-se-ne-e-capace","status":"publish","type":"post","link":"https:\/\/www.messinaoggi.it\/website\/2024\/01\/08\/conte-meloni-governi-se-ne-e-capace\/","title":{"rendered":"Conte \u201cMeloni governi se ne \u00e8 capace\u201d"},"content":{"rendered":"<div>ROMA (ITALPRESS) &#8211; &#8220;Ho fatto due governi in cui ho faticato tantissimo in Europa e all&#8217;estero per far capire che eravamo persone serie con un chiaro progetto di rilancio dell&#8217;Italia in un quadro geopolitico multipolare. Ho avuto contro potentati economici, finanziari e politici di ogni tipo. Mi sono mai lamentato? No. Meloni governi se ne \u00e8 capace. Il suo problema con le lobby \u00e8 che ne sta favorendo alcune e quindi si ritrova le altre contro, il suo \u00e8 un governo neo-corporativo fortemente selettivo che non riesce ad avere una visione generale per il Paese&#8221;. Cos\u00ec, in un&#8217;intervista a La Stampa, il presidente del M5S, Giuseppe Conte. Secondo il leader pentastellatro &#8220;le bugie dette in conferenza stampa hanno una radice chiara: Meloni ha preso voti sfruttando il suo ruolo di opposizione a tutto e tutti, mostrandosi forte, coraggiosa, aggressiva. Ma una volta arrivata a Chigi si \u00e8 rivelata supina nei confronti di Bruxelles e succube nei confronti di Washington. Questo euro-atlantismo acritico fa impallidire il confronto con i nostri peggiori governi tecnici. Lei stessa soffre questo tradimento politico, le provoca un corto circuito mentale cui cerca di sopperire con la comunicazione, mischiando realt\u00e0 e falsit\u00e0&#8221;.<br \/>\nQuanto al possibile confronto tv tra Meloni e Schlein, Conte evidenzia che &#8220;Meloni sa che in un confronto con me non avrebbe vita facile con le fesserie che racconta. Ma il punto \u00e8 che se Meloni batte Schlein in un confronto tv non vuol dire che sia pi\u00f9 forte dell&#8217;opposizione. Non possiamo ridurre a questo la nostra politica&#8221;.<br \/>\n(ITALPRESS).<br \/>\n&#8211; Foto: Agenzia Fotogramma &#8211;<\/div>\n<div id=\"div-gpt-ad-Messinaoggi.it-DSK-300x250-corpoart\" style=\"text-align:center;margin:0 auto;\"><\/div><\/p><div id=\"videoincontent\" style=\"clear:both\";><\/div>","protected":false},"excerpt":{"rendered":"<p>ROMA (ITALPRESS) &#8211; &#8220;Ho fatto due governi in cui ho faticato tantissimo in Europa e all&#8217;estero per far capire che eravamo persone serie con un chiaro progetto di rilancio dell&#8217;Italia in un quadro geopolitico multipolare. Ho avuto contro potentati economici, finanziari e politici di ogni tipo. Mi sono mai lamentato? No. Meloni governi se ne [&hellip;]<\/p>\n","protected":false},"author":18,"featured_media":182972,"comment_status":"closed","ping_status":"closed","sticky":false,"template":"","format":"standard","meta":{"ub_ctt_via":"","_mi_skip_tracking":false},"categories":[446],"tags":[783],"featured_image_src":"https:\/\/www.messinaoggi.it\/website\/wp-content\/uploads\/2024\/01\/20240108_0080.jpg","author_info":{"display_name":"Admin","author_link":"https:\/\/www.messinaoggi.it\/website\/author\/admin\/"},"digistream_id":0,"digistream":false,"_links":{"self":[{"href":"https:\/\/www.messinaoggi.it\/website\/wp-json\/wp\/v2\/posts\/182971"}],"collection":[{"href":"https:\/\/www.messinaoggi.it\/website\/wp-json\/wp\/v2\/posts"}],"about":[{"href":"https:\/\/www.messinaoggi.it\/website\/wp-json\/wp\/v2\/types\/post"}],"author":[{"embeddable":true,"href":"https:\/\/www.messinaoggi.it\/website\/wp-json\/wp\/v2\/users\/18"}],"replies":[{"embeddable":true,"href":"https:\/\/www.messinaoggi.it\/website\/wp-json\/wp\/v2\/comments?post=182971"}],"version-history":[{"count":0,"href":"https:\/\/www.messinaoggi.it\/website\/wp-json\/wp\/v2\/posts\/182971\/revisions"}],"wp:featuredmedia":[{"embeddable":true,"href":"https:\/\/www.messinaoggi.it\/website\/wp-json\/wp\/v2\/media\/182972"}],"wp:attachment":[{"href":"https:\/\/www.messinaoggi.it\/website\/wp-json\/wp\/v2\/media?parent=182971"}],"wp:term":[{"taxonomy":"category","embeddable":true,"href":"https:\/\/www.messinaoggi.it\/website\/wp-json\/wp\/v2\/categories?post=182971"},{"taxonomy":"post_tag","embeddable":true,"href":"https:\/\/www.messinaoggi.it\/website\/wp-json\/wp\/v2\/tags?post=182971"}],"curies":[{"name":"wp","href":"https:\/\/api.w.org\/{rel}","templated":true}]}}