{"id":182965,"date":"2024-01-08T08:50:32","date_gmt":"2024-01-08T07:50:32","guid":{"rendered":"http:\/\/www.messinaoggi.it\/website\/?p=182965"},"modified":"2024-01-08T19:37:56","modified_gmt":"2024-01-08T18:37:56","slug":"caso-croce-oggi-il-consiglio-si-esprimera-sulla-sua-decadenza-da-consigliere","status":"publish","type":"post","link":"https:\/\/www.messinaoggi.it\/website\/2024\/01\/08\/caso-croce-oggi-il-consiglio-si-esprimera-sulla-sua-decadenza-da-consigliere\/","title":{"rendered":"Caso Croce, oggi il Consiglio si esprimer\u00e0 sulla sua decadenza da consigliere"},"content":{"rendered":"\n<p>Giornata particolare quella di oggi in Consiglio comunale. Alle 13 e 30, infatti, sar\u00e0 chiamato ad esprimersi sulla decadenza di Maurizio Croce, ex candidato sindaco del centro destra in occasione delle precedenti amministrative, dalla carica di consigliere comunale. Stando a quanto dichiarato dalle opposizioni, Croce sarebbe inadatto a ricoprire tale ruolo per via del suo elevato numero di assenze in Aula. Qualora dovesse effettivamente decadere dalla carica di consigliere comunale, a Croce potrebbero subentrare Alessandro Russo del PD oppure Sebastiano Tam\u00e0 di Forza Italia.<div id=\"div-gpt-ad-Messinaoggi.it-DSK-300x250-corpoart\" style=\"text-align:center;margin:0 auto;\"><\/div><\/p>\n\n\n\n<p><strong>PD: &#8220;Nessuno sentir\u00e0 la mancanza di Croce&#8221;.<\/strong> Sulla seduta di oggi ha preso una posizione netta il Partito democratico, che in una nota ha spiegato che nessuno nel Consiglio comunale sentir\u00e0 la mancanza di Croce: &#8220;Ferma restando l\u2019autonomia di valutazione di ogni singolo consigliere comunale, rispetto al quale non \u00e8 opportuno n\u00e9 giusto esercitare alcuna pressione o sollecitazione, va sottolineato come, a differenza di quanto dica o affermi Maurizio Croce in queste settimane, sono stati i suoi stessi comportamenti a qualificarlo come incompatibile alla carica di Consigliere Comunale.<div id=\"videoincontent\" style=\"clear:both\";><\/div><\/p>\n\n\n\n<p>&#8220;Ci riferiamo non tanto e non solo a tutti i circostanziati riferimenti normativi indicati nella proposta di delibera quanto al suo approccio ad una carica che gli \u00e8 derivata dall\u2019aver capeggiato una delle coalizioni perdenti alle amministrative. Il numero straordinario di assenze prodotte e la sostanziale inattivit\u00e0 di Croce lo qualificano come inadeguato ad un ruolo che richiede passione, impegno, continuit\u00e0. Nessuno sentir\u00e0 la sua mancanza.<\/p>\n\n\n\n<p>&#8220;Il Consiglio Comunale potr\u00e0 avviare a conclusione una storia che segna la distanza tra rappresentanti e rappresentati, ma forse Croce ha un\u2019opportunit\u00e0 invece di esporre s\u00e9 stesso, il civico consesso e la citt\u00e0 tutta ad uno stillicidio di tempi tecnici, osservazioni, ricorsi e controricorsi: tragga egli stesso le conclusioni di questa poco edificante esperienza e si dimetta, come gi\u00e0 gli era stato chiesto dal PD qualche mese fa. La citt\u00e0 ha bisogno di consiglieri che, consapevoli dell\u2019alto valore della propria funzione, la esercitino con costanza e determinazione&#8221;.<\/p>\n","protected":false},"excerpt":{"rendered":"<p>Giornata particolare quella di oggi in Consiglio comunale. Alle 13 e 30, infatti, sar\u00e0 chiamato ad esprimersi sulla decadenza di Maurizio Croce, ex candidato sindaco del centro destra in occasione delle precedenti amministrative, dalla carica di consigliere comunale. Stando a quanto dichiarato dalle opposizioni, Croce sarebbe inadatto a ricoprire tale ruolo per via del suo [&hellip;]<\/p>\n","protected":false},"author":8,"featured_media":105359,"comment_status":"open","ping_status":"open","sticky":false,"template":"","format":"standard","meta":{"ub_ctt_via":"","_mi_skip_tracking":false},"categories":[1],"tags":[46,1245,3617],"featured_image_src":"https:\/\/www.messinaoggi.it\/website\/wp-content\/uploads\/2022\/04\/maurizio-croce-1-scaled.jpg","author_info":{"display_name":"red..me","author_link":"https:\/\/www.messinaoggi.it\/website\/author\/redstage\/"},"digistream_id":0,"digistream":false,"_links":{"self":[{"href":"https:\/\/www.messinaoggi.it\/website\/wp-json\/wp\/v2\/posts\/182965"}],"collection":[{"href":"https:\/\/www.messinaoggi.it\/website\/wp-json\/wp\/v2\/posts"}],"about":[{"href":"https:\/\/www.messinaoggi.it\/website\/wp-json\/wp\/v2\/types\/post"}],"author":[{"embeddable":true,"href":"https:\/\/www.messinaoggi.it\/website\/wp-json\/wp\/v2\/users\/8"}],"replies":[{"embeddable":true,"href":"https:\/\/www.messinaoggi.it\/website\/wp-json\/wp\/v2\/comments?post=182965"}],"version-history":[{"count":1,"href":"https:\/\/www.messinaoggi.it\/website\/wp-json\/wp\/v2\/posts\/182965\/revisions"}],"predecessor-version":[{"id":182966,"href":"https:\/\/www.messinaoggi.it\/website\/wp-json\/wp\/v2\/posts\/182965\/revisions\/182966"}],"wp:featuredmedia":[{"embeddable":true,"href":"https:\/\/www.messinaoggi.it\/website\/wp-json\/wp\/v2\/media\/105359"}],"wp:attachment":[{"href":"https:\/\/www.messinaoggi.it\/website\/wp-json\/wp\/v2\/media?parent=182965"}],"wp:term":[{"taxonomy":"category","embeddable":true,"href":"https:\/\/www.messinaoggi.it\/website\/wp-json\/wp\/v2\/categories?post=182965"},{"taxonomy":"post_tag","embeddable":true,"href":"https:\/\/www.messinaoggi.it\/website\/wp-json\/wp\/v2\/tags?post=182965"}],"curies":[{"name":"wp","href":"https:\/\/api.w.org\/{rel}","templated":true}]}}