{"id":182915,"date":"2024-01-07T09:07:59","date_gmt":"2024-01-07T08:07:59","guid":{"rendered":"https:\/\/www.messinaoggi.it\/website\/2024\/01\/07\/europee-tajani-un-errore-candidare-i-leader-no-accordi-con-le-pen\/"},"modified":"2024-01-07T09:07:59","modified_gmt":"2024-01-07T08:07:59","slug":"europee-tajani-un-errore-candidare-i-leader-no-accordi-con-le-pen","status":"publish","type":"post","link":"https:\/\/www.messinaoggi.it\/website\/2024\/01\/07\/europee-tajani-un-errore-candidare-i-leader-no-accordi-con-le-pen\/","title":{"rendered":"Europee, Tajani \u201cUn errore candidare i leader, no accordi con Le Pen\u201d"},"content":{"rendered":"<div>ROMA (ITALPRESS) &#8211; &#8220;Meloni \u00e8 leader dei Conservatori, Forza Italia invece \u00e8 nel Partito popolare europeo e per noi \u00e8 impossibile fare accordi con chi ha uno statuto di forte impronta anti-Ue e anti-Nato&#8221;. Cos\u00ec, in un&#8217;intervista a La Stampa, il vicepremier e ministro degli Esteri Antonio Tajani, commentando l&#8217;ipotesi di un&#8217;alleanza in Europa con Marine Le Pen, dopo le aperture di Meloni. Sulla possibilit\u00e0 che il premier si candidi alle Europee, commenta: &#8220;Se deve esserci un accordo tra i leader del centrodestra, come chiede Meloni, questo vuol dire che o ci candidiamo tutti o non si candida nessuno. Se si candidano nello stesso momento la premier e i due vicepremier, credo ci sia il rischio che si perdano di vista le priorit\u00e0 del governo. E inoltre: io mi sono candidato cinque volte in Europa, non mi spaventa questo appuntamento elettorale, ma c&#8217;\u00e8 prima il Congresso di Forza Italia da affrontare, e devo farlo con responsabilit\u00e0&#8221;. Per Forza Italia &#8220;la prima vera riforma da fare \u00e8 quella che preveda una Difesa europea&#8221; per una Ue &#8220;pronta al peacekeeping, al monitoraggio, alla deterrenza. Capace di fare sintesi di ragionamenti e interessi anche divergenti, ma impegnata a unire le forze rapidamente e in maniera concreta&#8221;. Inoltre, per Tajani, nell&#8217;Unione europea &#8220;non possiamo avere due presidenti, della Commissione e del Consiglio, Immagino quali sarebbero le resistenze, ma questa struttura attuale, bicefala, ha fatto il suo tempo. Molti sono d&#8217;accordo&#8221;.<br \/>(ITALPRESS).<br \/>&#8211; Foto: Agenzia Fotogramma &#8211;<\/div>\n<div id=\"div-gpt-ad-Messinaoggi.it-DSK-300x250-corpoart\" style=\"text-align:center;margin:0 auto;\"><\/div><\/p><div id=\"videoincontent\" style=\"clear:both\";><\/div>","protected":false},"excerpt":{"rendered":"<p>ROMA (ITALPRESS) &#8211; &#8220;Meloni \u00e8 leader dei Conservatori, Forza Italia invece \u00e8 nel Partito popolare europeo e per noi \u00e8 impossibile fare accordi con chi ha uno statuto di forte impronta anti-Ue e anti-Nato&#8221;. Cos\u00ec, in un&#8217;intervista a La Stampa, il vicepremier e ministro degli Esteri Antonio Tajani, commentando l&#8217;ipotesi di un&#8217;alleanza in Europa con [&hellip;]<\/p>\n","protected":false},"author":18,"featured_media":182916,"comment_status":"closed","ping_status":"closed","sticky":false,"template":"","format":"standard","meta":{"ub_ctt_via":"","_mi_skip_tracking":false},"categories":[446],"tags":[783],"featured_image_src":"https:\/\/www.messinaoggi.it\/website\/wp-content\/uploads\/2024\/01\/20240107_0087.jpg","author_info":{"display_name":"Admin","author_link":"https:\/\/www.messinaoggi.it\/website\/author\/admin\/"},"digistream_id":0,"digistream":false,"_links":{"self":[{"href":"https:\/\/www.messinaoggi.it\/website\/wp-json\/wp\/v2\/posts\/182915"}],"collection":[{"href":"https:\/\/www.messinaoggi.it\/website\/wp-json\/wp\/v2\/posts"}],"about":[{"href":"https:\/\/www.messinaoggi.it\/website\/wp-json\/wp\/v2\/types\/post"}],"author":[{"embeddable":true,"href":"https:\/\/www.messinaoggi.it\/website\/wp-json\/wp\/v2\/users\/18"}],"replies":[{"embeddable":true,"href":"https:\/\/www.messinaoggi.it\/website\/wp-json\/wp\/v2\/comments?post=182915"}],"version-history":[{"count":0,"href":"https:\/\/www.messinaoggi.it\/website\/wp-json\/wp\/v2\/posts\/182915\/revisions"}],"wp:featuredmedia":[{"embeddable":true,"href":"https:\/\/www.messinaoggi.it\/website\/wp-json\/wp\/v2\/media\/182916"}],"wp:attachment":[{"href":"https:\/\/www.messinaoggi.it\/website\/wp-json\/wp\/v2\/media?parent=182915"}],"wp:term":[{"taxonomy":"category","embeddable":true,"href":"https:\/\/www.messinaoggi.it\/website\/wp-json\/wp\/v2\/categories?post=182915"},{"taxonomy":"post_tag","embeddable":true,"href":"https:\/\/www.messinaoggi.it\/website\/wp-json\/wp\/v2\/tags?post=182915"}],"curies":[{"name":"wp","href":"https:\/\/api.w.org\/{rel}","templated":true}]}}