{"id":182875,"date":"2024-01-06T10:33:01","date_gmt":"2024-01-06T09:33:01","guid":{"rendered":"https:\/\/www.messinaoggi.it\/website\/2024\/01\/06\/bando-soccorritori-del-118-presidente-seus-motivato-da-carenza-di-personale\/"},"modified":"2024-01-06T15:24:19","modified_gmt":"2024-01-06T14:24:19","slug":"bando-soccorritori-del-118-presidente-seus-motivato-da-carenza-di-personale","status":"publish","type":"post","link":"https:\/\/www.messinaoggi.it\/website\/2024\/01\/06\/bando-soccorritori-del-118-presidente-seus-motivato-da-carenza-di-personale\/","title":{"rendered":"Bando soccorritori del 118, Presidente Seus \u201cMotivato da carenza di personale\u201d"},"content":{"rendered":"<div>\n<p>PALERMO (ITALPRESS) \u2013 \u201cL\u2019iter del bando per l\u2019affidamento del servizio di somministrazione di lavoro a tempo determinato di personale autista-soccorritore del 118, iniziato diversi mesi fa e prossimo alla conclusione, non \u00e8 in alcun modo dipeso da scadenze elettorali. Si tratta pertanto di congetture prive di qualsiasi fondamento, offensive del buon nome della Seus e dei propri amministratori e che respingiamo con assoluta fermezza\u201d. Lo afferma il presidente della Seus, Riccardo Castro, commentando articoli di stampa e aggiungendo:  \u201cQuesto avviso pubblico per reclutare autisti-soccorritori ha un\u2019unica ed evidente motivazione, cio\u00e8 migliorare ulteriormente la qualit\u00e0 del servizio di emergenza-urgenza 118 in Sicilia che gi\u00e0 da alcuni anni \u00e8 penalizzato dalla carenza di personale. Il numero degli operatori che sar\u00e0 richiesto alla societ\u00e0 interinale che si aggiudicher\u00e0 la gara europea- concepita dalla Seus nella massima trasparenza e in corso di gestione da parte della Centrale Unica di Committenza per l\u2019acquisizione di beni e servizi della Regione Siciliana- \u00e8 flessibile poich\u00e8 dipender\u00e0 di volta in volta dalle necessit\u00e0 di personale per coprire i turni e non certo da altri fattori. Infine, precisiamo che la scelta dei singoli autisti-soccorritori da utilizzare non sar\u00e0 fatta dalla Seus bens\u00ec in assoluta autonomia dalla societ\u00e0 interinale che si aggiudicher\u00e0 la gara\u201d.<br \/>\u2013 foto ufficio stampa Seus \u2013<br \/>(ITALPRESS).<div id=\"div-gpt-ad-Messinaoggi.it-DSK-300x250-corpoart\" style=\"text-align:center;margin:0 auto;\"><\/div><\/p>\n<\/div>\n<div id=\"videoincontent\" style=\"clear:both\";><\/div>","protected":false},"excerpt":{"rendered":"<p>PALERMO (ITALPRESS) \u2013 \u201cL\u2019iter del bando per l\u2019affidamento del servizio di somministrazione di lavoro a tempo determinato di personale autista-soccorritore del 118, iniziato diversi mesi fa e prossimo alla conclusione, non \u00e8 in alcun modo dipeso da scadenze elettorali. Si tratta pertanto di congetture prive di qualsiasi fondamento, offensive del buon nome della Seus e [&hellip;]<\/p>\n","protected":false},"author":18,"featured_media":0,"comment_status":"closed","ping_status":"closed","sticky":false,"template":"","format":"standard","meta":{"ub_ctt_via":"","_mi_skip_tracking":false},"categories":[11,2449],"tags":[783],"featured_image_src":null,"author_info":{"display_name":"Admin","author_link":"https:\/\/www.messinaoggi.it\/website\/author\/admin\/"},"digistream_id":0,"digistream":false,"_links":{"self":[{"href":"https:\/\/www.messinaoggi.it\/website\/wp-json\/wp\/v2\/posts\/182875"}],"collection":[{"href":"https:\/\/www.messinaoggi.it\/website\/wp-json\/wp\/v2\/posts"}],"about":[{"href":"https:\/\/www.messinaoggi.it\/website\/wp-json\/wp\/v2\/types\/post"}],"author":[{"embeddable":true,"href":"https:\/\/www.messinaoggi.it\/website\/wp-json\/wp\/v2\/users\/18"}],"replies":[{"embeddable":true,"href":"https:\/\/www.messinaoggi.it\/website\/wp-json\/wp\/v2\/comments?post=182875"}],"version-history":[{"count":1,"href":"https:\/\/www.messinaoggi.it\/website\/wp-json\/wp\/v2\/posts\/182875\/revisions"}],"predecessor-version":[{"id":182900,"href":"https:\/\/www.messinaoggi.it\/website\/wp-json\/wp\/v2\/posts\/182875\/revisions\/182900"}],"wp:attachment":[{"href":"https:\/\/www.messinaoggi.it\/website\/wp-json\/wp\/v2\/media?parent=182875"}],"wp:term":[{"taxonomy":"category","embeddable":true,"href":"https:\/\/www.messinaoggi.it\/website\/wp-json\/wp\/v2\/categories?post=182875"},{"taxonomy":"post_tag","embeddable":true,"href":"https:\/\/www.messinaoggi.it\/website\/wp-json\/wp\/v2\/tags?post=182875"}],"curies":[{"name":"wp","href":"https:\/\/api.w.org\/{rel}","templated":true}]}}