{"id":182835,"date":"2024-01-05T17:08:03","date_gmt":"2024-01-05T16:08:03","guid":{"rendered":"https:\/\/www.messinaoggi.it\/website\/2024\/01\/05\/e-morto-giulio-santagata-fu-tra-i-fondatori-dellulivo\/"},"modified":"2024-01-05T17:08:03","modified_gmt":"2024-01-05T16:08:03","slug":"e-morto-giulio-santagata-fu-tra-i-fondatori-dellulivo","status":"publish","type":"post","link":"https:\/\/www.messinaoggi.it\/website\/2024\/01\/05\/e-morto-giulio-santagata-fu-tra-i-fondatori-dellulivo\/","title":{"rendered":"E\u2019 morto Giulio Santagata, fu tra i fondatori dell\u2019Ulivo"},"content":{"rendered":"<div>ROMA (ITALPRESS) &#8211; E&#8217; morto all&#8217;et\u00e0 di 74 anni a Modena l&#8217;ex parlamentare e ministro Giulio Santagata. Tra i fondatori dell&#8217;Ulivo, \u00e8 stato uno dei pi\u00f9 stretti collaboratori di Romano Prodi. Nel 2006 \u00e8 stato ministro per l&#8217;attuazione del Programma di governo.<br \/>&#8220;La scomparsa di Giulio Santagata \u00e8 un grande dolore. Piango la perdita di un amico carissimo al quale ero legato da sentimenti di affetto profondo. Per anni Giulio ed io abbiamo condiviso non solo tanta parte della vita privata, ma anche battaglie politiche, successi e sconfitte &#8211; afferma Prodi in una nota -. Mi \u00e8 impossibile sintetizzare oggi i tanti ricordi di una storia che ci ha visto fianco a fianco. Mi mancher\u00e0 la sua vivace intelligenza, la schiettezza dei suoi consigli e la sua capacit\u00e0 di trovare il risvolto ironico nelle cose della vita e della politica. Il mio pensiero e il mio abbraccio pi\u00f9 grande a Lalla, ai figli Eugenio e Pippi, alla sua famiglia&#8221;.<div id=\"div-gpt-ad-Messinaoggi.it-DSK-300x250-corpoart\" style=\"text-align:center;margin:0 auto;\"><\/div><\/p>\n<p>&#8211; Foto: Agenzia Fotogramma &#8211;<div id=\"videoincontent\" style=\"clear:both\";><\/div><\/p>\n<p>(ITALPRESS).<\/p><\/div>\n","protected":false},"excerpt":{"rendered":"<p>ROMA (ITALPRESS) &#8211; E&#8217; morto all&#8217;et\u00e0 di 74 anni a Modena l&#8217;ex parlamentare e ministro Giulio Santagata. Tra i fondatori dell&#8217;Ulivo, \u00e8 stato uno dei pi\u00f9 stretti collaboratori di Romano Prodi. Nel 2006 \u00e8 stato ministro per l&#8217;attuazione del Programma di governo.&#8220;La scomparsa di Giulio Santagata \u00e8 un grande dolore. Piango la perdita di un [&hellip;]<\/p>\n","protected":false},"author":18,"featured_media":182836,"comment_status":"closed","ping_status":"closed","sticky":false,"template":"","format":"standard","meta":{"ub_ctt_via":"","_mi_skip_tracking":false},"categories":[446],"tags":[783],"featured_image_src":"https:\/\/www.messinaoggi.it\/website\/wp-content\/uploads\/2024\/01\/20240105_1071.jpg","author_info":{"display_name":"Admin","author_link":"https:\/\/www.messinaoggi.it\/website\/author\/admin\/"},"digistream_id":0,"digistream":false,"_links":{"self":[{"href":"https:\/\/www.messinaoggi.it\/website\/wp-json\/wp\/v2\/posts\/182835"}],"collection":[{"href":"https:\/\/www.messinaoggi.it\/website\/wp-json\/wp\/v2\/posts"}],"about":[{"href":"https:\/\/www.messinaoggi.it\/website\/wp-json\/wp\/v2\/types\/post"}],"author":[{"embeddable":true,"href":"https:\/\/www.messinaoggi.it\/website\/wp-json\/wp\/v2\/users\/18"}],"replies":[{"embeddable":true,"href":"https:\/\/www.messinaoggi.it\/website\/wp-json\/wp\/v2\/comments?post=182835"}],"version-history":[{"count":0,"href":"https:\/\/www.messinaoggi.it\/website\/wp-json\/wp\/v2\/posts\/182835\/revisions"}],"wp:featuredmedia":[{"embeddable":true,"href":"https:\/\/www.messinaoggi.it\/website\/wp-json\/wp\/v2\/media\/182836"}],"wp:attachment":[{"href":"https:\/\/www.messinaoggi.it\/website\/wp-json\/wp\/v2\/media?parent=182835"}],"wp:term":[{"taxonomy":"category","embeddable":true,"href":"https:\/\/www.messinaoggi.it\/website\/wp-json\/wp\/v2\/categories?post=182835"},{"taxonomy":"post_tag","embeddable":true,"href":"https:\/\/www.messinaoggi.it\/website\/wp-json\/wp\/v2\/tags?post=182835"}],"curies":[{"name":"wp","href":"https:\/\/api.w.org\/{rel}","templated":true}]}}