{"id":18278,"date":"2018-04-16T17:16:30","date_gmt":"2018-04-16T15:16:30","guid":{"rendered":"http:\/\/www.messinaoggi.it\/website\/?p=18278"},"modified":"2018-04-16T17:16:30","modified_gmt":"2018-04-16T15:16:30","slug":"verso-il-nuovo-consiglio-tra-gli-uscenti-ce-chi-non-se-la-sente-ma-anche-chi-cerca-la-conferma","status":"publish","type":"post","link":"https:\/\/www.messinaoggi.it\/website\/2018\/04\/16\/verso-il-nuovo-consiglio-tra-gli-uscenti-ce-chi-non-se-la-sente-ma-anche-chi-cerca-la-conferma\/","title":{"rendered":"Verso il nuovo consiglio, tra gli uscenti c&#039;\u00e8 chi non &quot;se la sente&quot; ma anche chi cerca la conferma"},"content":{"rendered":"<p style=\"text-align: justify\">Oltre mille candidati. La corsa verso il nuovo Consiglio Comunale si preannuncia piuttosto affollata, i partiti e i movimenti sono alle prese con la composizione delle liste o pi\u00f9 semplicemente per mettere un proprio uomo in una lista in cui ci pu\u00f2 essere aria di sorpresa. Una cosa \u00e8 certa, il prossimo 10 giugno molti consiglieri uscenti saranno spettatori della tornata elettorale. 5 anni difficili, fatti di continue tensioni con un\u2019amministrazione che ha portato molti atti importanti all\u2019ultimo respiro, un\u2019agibilit\u00e0 d\u2019aula scomparsa al momento dello scoppio dello scandalo Gettonopoli. Anni complicati in cui il civico consesso si \u00e8 svuotato ogni qualvolta c\u2019era da votare una delibera complicata, come il bilancio, \u00a0salvo poi riempirsi quando all\u2019Ordine del Giorno c\u2019erano argomenti pi\u00f9 leggeri, vedi l\u2019isola pedonale.<div id=\"div-gpt-ad-Messinaoggi.it-DSK-300x250-corpoart\" style=\"text-align:center;margin:0 auto;\"><\/div><\/p>\n<p style=\"text-align: justify\">Molti dei protagonisti di quest\u2019ultimo Consiglio resteranno dietro le quinte, magari in attesa di tempi meno grigi, ma per adesso dominano i \u201cnon me la sento\u201d o i \u201cdevo valutare\u201d. Ormai certa l\u2019assenza la non candidatura di vecchi animali politici come Giuseppe Santalco, che comunque \u00e8 sempre un uomo di punta della squadra di Dino Bramanti, cos\u00ec come Franco Mondello, simbolo del momento di riflessione che sta vivendo Gianpiero D\u2019Alia. A proposito di D\u2019Alia, anche un altro suo fedelissimo, Mario Rizzo, ha annunciato la volont\u00e0 di non voler ritentare l\u2019avventura elettorale, cos\u00ec come Andrea Consolo. Del gruppo dei Centristi, l\u2019unica a candidarsi sar\u00e0 Mariella Perrone, che per\u00f2 \u00a0sar\u00e0 presente in una delle liste che sosterranno Dino Bramanti. Stessa sorte per i due subentrati, Alessandro La Cava e Pippo Capurro, i cui nomi non compariranno al momento della consegna delle liste.<div id=\"videoincontent\" style=\"clear:both\";><\/div><\/p>\n<p style=\"text-align: justify\">Non parteciperanno alla prossima tornata neanche Carlo Abbate, da tempo ormai autentico braccio dentro di Emilia Barrile, cos\u00ec come Daniela Faranda, anche se in questo caso c\u2019\u00e8 ancora qualche spiraglio aperto. Sicura anche l\u2019assenza dell\u2019ex vicepresidente del Consiglio. Nicola Crisafi, che per\u00f2 si conferma uomo di fiduca dell\u2019onorevole, Nino German\u00e0. Tra gli indecisi ci sono anche Nicola Cucinotta, che comunque sta collaborando alla stesura della lista InsieMe di Nino German\u00e0, ma anche la capogruppo di Cambiamo Messina dal Basso, Lucy Fenech. Le certezze del centrodestra si chiamano Benedetto Vaccarino e Giovanna Crif\u00f2, che troveranno posto nella lista di Forza Italia, insieme a Pierluigi Parisi, \u00a0mentre Carlo Cantali, Nora Scuderi e Simona Contestabile saranno presenti in una delle due liste su cui sta lavorando Francantonio Genovese, insieme a Pietro Iannello.<\/p>\n<p style=\"text-align: justify\">Quest\u2019ultimo per\u00f2 potrebbe essere dirottato in una delle liste che saranno espressione diretta dello stesso Bramanti. \u00a0Per il centrosinistra, le certezze sono le candidature di Libero Gioveni e Claudio Cardile nella lista del Partito Democratico, mentre Gaetano Gennaro e Antonella Russo dovrebbero giocarsi le proprie chance in una delle liste direttamente organizzate da Antonio Saitta, magari insieme a Pippo De Leo. Nino Carreri e Nino Interdonato restano fedeli alla linea Picciolo, la loro presenza nella lista di Sicilia Futura non \u00e8 messa in discussione. Per quanto riguarda la lista di Cambiamo Messina dal Basso, hanno gi\u00e0 sciolto le riserve Ivana Risitano e Cecilia Caccamo e tenteranno la riconferma tra i banchi dell\u2019aula consiliare.<\/p>\n","protected":false},"excerpt":{"rendered":"<p>Oltre mille candidati. La corsa verso il nuovo Consiglio Comunale si preannuncia piuttosto affollata, i partiti e i movimenti sono alle prese con la composizione delle liste o pi\u00f9 semplicemente per mettere un proprio uomo in una lista in cui ci pu\u00f2 essere aria di sorpresa. Una cosa \u00e8 certa, il prossimo 10 giugno molti [&hellip;]<\/p>\n","protected":false},"author":14,"featured_media":14661,"comment_status":"closed","ping_status":"open","sticky":false,"template":"","format":"standard","meta":{"ub_ctt_via":"","_mi_skip_tracking":false},"categories":[6],"tags":[],"featured_image_src":"https:\/\/www.messinaoggi.it\/website\/wp-content\/uploads\/2018\/01\/consiglio-comunale-su-isola-vi-RRP_1283-1.jpg","author_info":{"display_name":"Antonio Macauda","author_link":"https:\/\/www.messinaoggi.it\/website\/author\/a-macauda\/"},"digistream_id":0,"digistream":false,"_links":{"self":[{"href":"https:\/\/www.messinaoggi.it\/website\/wp-json\/wp\/v2\/posts\/18278"}],"collection":[{"href":"https:\/\/www.messinaoggi.it\/website\/wp-json\/wp\/v2\/posts"}],"about":[{"href":"https:\/\/www.messinaoggi.it\/website\/wp-json\/wp\/v2\/types\/post"}],"author":[{"embeddable":true,"href":"https:\/\/www.messinaoggi.it\/website\/wp-json\/wp\/v2\/users\/14"}],"replies":[{"embeddable":true,"href":"https:\/\/www.messinaoggi.it\/website\/wp-json\/wp\/v2\/comments?post=18278"}],"version-history":[{"count":0,"href":"https:\/\/www.messinaoggi.it\/website\/wp-json\/wp\/v2\/posts\/18278\/revisions"}],"wp:featuredmedia":[{"embeddable":true,"href":"https:\/\/www.messinaoggi.it\/website\/wp-json\/wp\/v2\/media\/14661"}],"wp:attachment":[{"href":"https:\/\/www.messinaoggi.it\/website\/wp-json\/wp\/v2\/media?parent=18278"}],"wp:term":[{"taxonomy":"category","embeddable":true,"href":"https:\/\/www.messinaoggi.it\/website\/wp-json\/wp\/v2\/categories?post=18278"},{"taxonomy":"post_tag","embeddable":true,"href":"https:\/\/www.messinaoggi.it\/website\/wp-json\/wp\/v2\/tags?post=18278"}],"curies":[{"name":"wp","href":"https:\/\/api.w.org\/{rel}","templated":true}]}}