{"id":18275,"date":"2018-04-16T16:46:07","date_gmt":"2018-04-16T14:46:07","guid":{"rendered":"http:\/\/www.messinaoggi.it\/website\/?p=18275"},"modified":"2018-04-16T16:46:07","modified_gmt":"2018-04-16T14:46:07","slug":"trappitello-dedica-una-piazza-a-padre-arcidiacono","status":"publish","type":"post","link":"https:\/\/www.messinaoggi.it\/website\/2018\/04\/16\/trappitello-dedica-una-piazza-a-padre-arcidiacono\/","title":{"rendered":"Trappitello dedica una piazza a padre Arcidiacono"},"content":{"rendered":"<p>Una piazzetta antistante la chiesa di Santa Venera \u00e8 stata intitolata alla memoria di padre Salvatore Arcidiacono. &#8220;\u00c8 questa &#8211; ha detto il sindaco, Eligio Giardina &#8211; una figura importante per tutta la frazione di Trappitello ed ha svolto un ruolo importante per i giovani&#8221;. Qui fece edificare una sala che era punto di incontro non solo per gli adolescenti ma per tutta la comunit\u00e0. Arcidiacono svolse la sua attivit\u00e0 sacerdotale dal 1952. Un grande impegno che \u00e8 proseguito per anni. Poi all&#8217;et\u00e0 di 86 anni, il sacerdote simbolo per la pi\u00f9 importante frazione taorminese, \u00e8 passato a miglior vita nel lontano 2004. In questi giorni i giardinieri del Comune hanno lavorato a ritmo febbrile per fare in modo che lo slargo accanto la chiesa sia pronto per la cerimonia di inaugurazione che si \u00e8 svolta alla presenza di tante autorit\u00e0.<br \/>\nUna giornata importante per una frazione che ricorda il suo parroco ed adesso ha dedicato un suo slargo per fare in modo che la memoria di grande uomo non possa essere annullata.<br \/>\n<strong>Mauro Romano<\/strong><div id=\"div-gpt-ad-Messinaoggi.it-DSK-300x250-corpoart\" style=\"text-align:center;margin:0 auto;\"><\/div><\/p>\n<div id=\"videoincontent\" style=\"clear:both\";><\/div>","protected":false},"excerpt":{"rendered":"<p>Una piazzetta antistante la chiesa di Santa Venera \u00e8 stata intitolata alla memoria di padre Salvatore Arcidiacono. &#8220;\u00c8 questa &#8211; ha detto il sindaco, Eligio Giardina &#8211; una figura importante per tutta la frazione di Trappitello ed ha svolto un ruolo importante per i giovani&#8221;. Qui fece edificare una sala che era punto di incontro [&hellip;]<\/p>\n","protected":false},"author":4,"featured_media":18276,"comment_status":"closed","ping_status":"open","sticky":false,"template":"","format":"standard","meta":{"ub_ctt_via":"","_mi_skip_tracking":false},"categories":[3],"tags":[],"featured_image_src":"https:\/\/www.messinaoggi.it\/website\/wp-content\/uploads\/2018\/04\/IMG-20180416-WA0021-1.jpg","author_info":{"display_name":"redme","author_link":"https:\/\/www.messinaoggi.it\/website\/author\/redme\/"},"digistream_id":0,"digistream":false,"_links":{"self":[{"href":"https:\/\/www.messinaoggi.it\/website\/wp-json\/wp\/v2\/posts\/18275"}],"collection":[{"href":"https:\/\/www.messinaoggi.it\/website\/wp-json\/wp\/v2\/posts"}],"about":[{"href":"https:\/\/www.messinaoggi.it\/website\/wp-json\/wp\/v2\/types\/post"}],"author":[{"embeddable":true,"href":"https:\/\/www.messinaoggi.it\/website\/wp-json\/wp\/v2\/users\/4"}],"replies":[{"embeddable":true,"href":"https:\/\/www.messinaoggi.it\/website\/wp-json\/wp\/v2\/comments?post=18275"}],"version-history":[{"count":0,"href":"https:\/\/www.messinaoggi.it\/website\/wp-json\/wp\/v2\/posts\/18275\/revisions"}],"wp:featuredmedia":[{"embeddable":true,"href":"https:\/\/www.messinaoggi.it\/website\/wp-json\/wp\/v2\/media\/18276"}],"wp:attachment":[{"href":"https:\/\/www.messinaoggi.it\/website\/wp-json\/wp\/v2\/media?parent=18275"}],"wp:term":[{"taxonomy":"category","embeddable":true,"href":"https:\/\/www.messinaoggi.it\/website\/wp-json\/wp\/v2\/categories?post=18275"},{"taxonomy":"post_tag","embeddable":true,"href":"https:\/\/www.messinaoggi.it\/website\/wp-json\/wp\/v2\/tags?post=18275"}],"curies":[{"name":"wp","href":"https:\/\/api.w.org\/{rel}","templated":true}]}}