{"id":182676,"date":"2024-01-04T08:11:37","date_gmt":"2024-01-04T07:11:37","guid":{"rendered":"http:\/\/www.messinaoggi.it\/website\/?p=182676"},"modified":"2024-01-04T08:11:38","modified_gmt":"2024-01-04T07:11:38","slug":"lutto-in-unime-e-morto-il-professor-amoroso","status":"publish","type":"post","link":"https:\/\/www.messinaoggi.it\/website\/2024\/01\/04\/lutto-in-unime-e-morto-il-professor-amoroso\/","title":{"rendered":"Lutto in Unime: \u00e8 morto il professor Amoroso"},"content":{"rendered":"\n<p>Lutto all&#8217;Universit\u00e0 di Messina. La rettrice Giovanna Spatari esprime, a nome di tutta la comunit\u00e0 accademica, il cordoglio per la scomparsa del professor Giuseppe Amoroso.<div id=\"div-gpt-ad-Messinaoggi.it-DSK-300x250-corpoart\" style=\"text-align:center;margin:0 auto;\"><\/div><\/p>\n\n\n\n<p>Il professor Amoroso \u00e8 stato una figura di spicco della critica letteraria italiana, dimostrando grande capacit\u00e0 di analisi soprattutto rispetto ad autori e testi contemporanei.<div id=\"videoincontent\" style=\"clear:both\";><\/div><\/p>\n\n\n\n<p>Gi\u00e0 professore ordinario presso l\u2019ex Facolt\u00e0 di Lettere e Filosofia del nostro Ateneo, \u00e8 stato anche collaboratore di prestigiose testate giornalistiche nazionali e regionali.<\/p>\n","protected":false},"excerpt":{"rendered":"<p>Lutto all&#8217;Universit\u00e0 di Messina. La rettrice Giovanna Spatari esprime, a nome di tutta la comunit\u00e0 accademica, il cordoglio per la scomparsa del professor Giuseppe Amoroso. Il professor Amoroso \u00e8 stato una figura di spicco della critica letteraria italiana, dimostrando grande capacit\u00e0 di analisi soprattutto rispetto ad autori e testi contemporanei. Gi\u00e0 professore ordinario presso l\u2019ex [&hellip;]<\/p>\n","protected":false},"author":8,"featured_media":182677,"comment_status":"open","ping_status":"open","sticky":false,"template":"","format":"standard","meta":{"ub_ctt_via":"","_mi_skip_tracking":false},"categories":[7],"tags":[9357,3031,814],"featured_image_src":"https:\/\/www.messinaoggi.it\/website\/wp-content\/uploads\/2024\/01\/am.jpg","author_info":{"display_name":"red..me","author_link":"https:\/\/www.messinaoggi.it\/website\/author\/redstage\/"},"digistream_id":0,"digistream":false,"_links":{"self":[{"href":"https:\/\/www.messinaoggi.it\/website\/wp-json\/wp\/v2\/posts\/182676"}],"collection":[{"href":"https:\/\/www.messinaoggi.it\/website\/wp-json\/wp\/v2\/posts"}],"about":[{"href":"https:\/\/www.messinaoggi.it\/website\/wp-json\/wp\/v2\/types\/post"}],"author":[{"embeddable":true,"href":"https:\/\/www.messinaoggi.it\/website\/wp-json\/wp\/v2\/users\/8"}],"replies":[{"embeddable":true,"href":"https:\/\/www.messinaoggi.it\/website\/wp-json\/wp\/v2\/comments?post=182676"}],"version-history":[{"count":1,"href":"https:\/\/www.messinaoggi.it\/website\/wp-json\/wp\/v2\/posts\/182676\/revisions"}],"predecessor-version":[{"id":182678,"href":"https:\/\/www.messinaoggi.it\/website\/wp-json\/wp\/v2\/posts\/182676\/revisions\/182678"}],"wp:featuredmedia":[{"embeddable":true,"href":"https:\/\/www.messinaoggi.it\/website\/wp-json\/wp\/v2\/media\/182677"}],"wp:attachment":[{"href":"https:\/\/www.messinaoggi.it\/website\/wp-json\/wp\/v2\/media?parent=182676"}],"wp:term":[{"taxonomy":"category","embeddable":true,"href":"https:\/\/www.messinaoggi.it\/website\/wp-json\/wp\/v2\/categories?post=182676"},{"taxonomy":"post_tag","embeddable":true,"href":"https:\/\/www.messinaoggi.it\/website\/wp-json\/wp\/v2\/tags?post=182676"}],"curies":[{"name":"wp","href":"https:\/\/api.w.org\/{rel}","templated":true}]}}