{"id":182573,"date":"2024-01-03T00:08:00","date_gmt":"2024-01-02T23:08:00","guid":{"rendered":"https:\/\/www.messinaoggi.it\/website\/2024\/01\/02\/al-via-la-presidenza-italiana-del-g7\/"},"modified":"2024-01-03T10:12:47","modified_gmt":"2024-01-03T09:12:47","slug":"al-via-la-presidenza-italiana-del-g7","status":"publish","type":"post","link":"https:\/\/www.messinaoggi.it\/website\/2024\/01\/03\/al-via-la-presidenza-italiana-del-g7\/","title":{"rendered":"Al via la Presidenza italiana del G7"},"content":{"rendered":"<div>ROMA (ITALPRESS) &#8211; Dall&#8217;1 gennaio, l&#8217;Italia ricopre la Presidenza del G7, &#8220;un foro che negli ultimi anni ha assunto un ruolo sempre pi\u00f9 importante nella tutela del sistema internazionale basato sulle regole e i valori democratici e nel far fronte alle sfide del nostro tempo&#8221;, sottolinea la Farnesina in una nota.<br \/>Sotto la guida del vice presidente del Consiglio e ministro degli Affari Esteri e della Cooperazione Internazionale Antonio Tajani, verranno organizzate quattro delle riunioni ministeriali G7: due riunioni dei Ministri degli Esteri ad aprile (Capri) e poi in autunno a Fiuggi; una riunione dei Ministri del Commercio Internazionale a luglio (Reggio Calabria) e una riunione dei Ministri dello Sviluppo in autunno (Pescara).<br \/>L&#8217;anno della presidenza italiana del G7 avr\u00e0 il suo culmine nel vertice dei Capi di stato e di Governo che il Presidente del Consiglio Giorgia Meloni ospiter\u00e0 a Borgo Egnazia (Puglia) in giugno. Specifiche sessioni ministeriali saranno dedicate ai principali argomenti dell&#8217;attualit\u00e0 internazionale, da Industria e spazio, a Infrastrutture e trasporti, passando per Economia, Turismo, Giustizia, Ambiente, Salute e Agricoltura.<br \/>La Presidenza italiana avr\u00e0 fra le sue priorit\u00e0, innanzitutto, il rispetto dell&#8217;ordine internazionale, profondamente scosso dalla guerra russa in Ucraina e dal conflitto in Medio Oriente, due temi su cui l&#8217;Italia manterr\u00e0 alta l&#8217;attenzione dei partner e della comunit\u00e0 internazionale.<br \/>Ucraina e Medio Oriente saranno alcuni dei temi nell&#8217;agenda del colloquio che Tajani ha in programma oggi con il segretario di Stato Usa Antony Blinken e che affronter\u00e0 nei prossimi colloqui con i colleghi del Gruppo, in vista dell&#8217;avvio concreto dall&#8217;azione comune.<br \/>&#8220;La Presidenza avr\u00e0 una naturale proiezione nel Mediterraneo, su cui abbiamo la responsabilit\u00e0 di promuovere soluzioni che favoriscano pace e stabilit\u00e0 per l&#8217;intera regione, a partire dal conflitto attualmente in corso in Medio Oriente. Continueremo inoltre a sostenere convintamente l&#8217;Ucraina, anche sul fronte della ricostruzione&#8221;, commenta Tajani. &#8220;Centrale sar\u00e0 l&#8217;attenzione che verr\u00e0 dedicata ai Balcani &#8211; area che da sempre ha un&#8217;importanza strategica per la stabilit\u00e0 di tutta l&#8217;Europa &#8211; e all&#8217;Africa, un continente con cui vogliamo promuovere partenariati paritari, efficaci e mutualmente vantaggiosi con i paesi africani, per la sicurezza e resilienza del continente&#8221;, prosegue.<br \/>Il rapporto con tutti i protagonisti globali sar\u00e0 uno dei temi cardine della Presidenza dell&#8217;Italia, consapevole del fatto che la complessit\u00e0 delle sfide globali richiede un confronto profondo e senza barriere, che guarder\u00e0 anche all&#8217;area dell&#8217;Indo-Pacifico, una regione in forte crescita e al centro di una crescente competizione internazionale.<br \/>La Presidenza italiana non mancher\u00e0 di affrontare temi decisivi come: cambiamento climatico e perdita di biodiversit\u00e0; commercio internazionale basato sulle regole; transizione digitale, incluso lo sviluppo dell&#8217;Intelligenza Artificiale; raggiungimento degli Obiettivi di Sviluppo Sostenibile; il nesso tra sviluppo e migrazioni. &#8220;L&#8217;Italia confermer\u00e0 con chiarezza nell&#8217;agenda del G7 le questioni migratorie &#8211; ha commentato il vicepremier -. Si tratta di una priorit\u00e0 che il governo ha posto in ogni sede e su cui abbiamo avviato a luglio un percorso condiviso con la comunit\u00e0 internazionale, lanciando il &#8220;Processo di Roma&#8221; con la Conferenza su Migrazioni e Sviluppo che abbiamo ospitato alla Farnesina, coinvolgendo i Paesi del Mediterraneo, africani e del Golfo&#8221;.<br \/>&#8220;Nell&#8217;affrontare temi e sfide tanto complessi, la Presidenza italiana cercher\u00e0 di distinguersi per un metodo improntato al dialogo e alla collaborazione &#8211; mantenendo sempre fermi i capisaldi del rispetto del diritto internazionale e dei diritti umani &#8211; lavorando insieme ai partner per cercare soluzioni innovative in grado di promuovere la stabilit\u00e0 nei principali quadranti di crisi e lo sviluppo sostenibile delle economie emergenti&#8221;, conclude la Farnesina.<div id=\"div-gpt-ad-Messinaoggi.it-DSK-300x250-corpoart\" style=\"text-align:center;margin:0 auto;\"><\/div><\/p>\n<p>&#8211; Foto: Agenzia Fotogramma &#8211;<div id=\"videoincontent\" style=\"clear:both\";><\/div><\/p>\n<p>(ITALPRESS).<\/p><\/div>\n","protected":false},"excerpt":{"rendered":"<p>ROMA (ITALPRESS) &#8211; Dall&#8217;1 gennaio, l&#8217;Italia ricopre la Presidenza del G7, &#8220;un foro che negli ultimi anni ha assunto un ruolo sempre pi\u00f9 importante nella tutela del sistema internazionale basato sulle regole e i valori democratici e nel far fronte alle sfide del nostro tempo&#8221;, sottolinea la Farnesina in una nota.Sotto la guida del vice [&hellip;]<\/p>\n","protected":false},"author":18,"featured_media":182574,"comment_status":"closed","ping_status":"closed","sticky":false,"template":"","format":"standard","meta":{"ub_ctt_via":"","_mi_skip_tracking":false},"categories":[446,4],"tags":[783],"featured_image_src":"https:\/\/www.messinaoggi.it\/website\/wp-content\/uploads\/2024\/01\/20240102_0784.jpg","author_info":{"display_name":"Admin","author_link":"https:\/\/www.messinaoggi.it\/website\/author\/admin\/"},"digistream_id":0,"digistream":false,"_links":{"self":[{"href":"https:\/\/www.messinaoggi.it\/website\/wp-json\/wp\/v2\/posts\/182573"}],"collection":[{"href":"https:\/\/www.messinaoggi.it\/website\/wp-json\/wp\/v2\/posts"}],"about":[{"href":"https:\/\/www.messinaoggi.it\/website\/wp-json\/wp\/v2\/types\/post"}],"author":[{"embeddable":true,"href":"https:\/\/www.messinaoggi.it\/website\/wp-json\/wp\/v2\/users\/18"}],"replies":[{"embeddable":true,"href":"https:\/\/www.messinaoggi.it\/website\/wp-json\/wp\/v2\/comments?post=182573"}],"version-history":[{"count":1,"href":"https:\/\/www.messinaoggi.it\/website\/wp-json\/wp\/v2\/posts\/182573\/revisions"}],"predecessor-version":[{"id":182592,"href":"https:\/\/www.messinaoggi.it\/website\/wp-json\/wp\/v2\/posts\/182573\/revisions\/182592"}],"wp:featuredmedia":[{"embeddable":true,"href":"https:\/\/www.messinaoggi.it\/website\/wp-json\/wp\/v2\/media\/182574"}],"wp:attachment":[{"href":"https:\/\/www.messinaoggi.it\/website\/wp-json\/wp\/v2\/media?parent=182573"}],"wp:term":[{"taxonomy":"category","embeddable":true,"href":"https:\/\/www.messinaoggi.it\/website\/wp-json\/wp\/v2\/categories?post=182573"},{"taxonomy":"post_tag","embeddable":true,"href":"https:\/\/www.messinaoggi.it\/website\/wp-json\/wp\/v2\/tags?post=182573"}],"curies":[{"name":"wp","href":"https:\/\/api.w.org\/{rel}","templated":true}]}}