{"id":18257,"date":"2018-04-16T13:04:33","date_gmt":"2018-04-16T11:04:33","guid":{"rendered":"http:\/\/www.messinaoggi.it\/website\/?p=18257"},"modified":"2018-04-16T13:04:33","modified_gmt":"2018-04-16T11:04:33","slug":"operazione-nostalgia-di-fratelli-ditalia-riecco-filippo-livio-daro-il-mio-contributo-ma-non-mi-candido","status":"publish","type":"post","link":"https:\/\/www.messinaoggi.it\/website\/2018\/04\/16\/operazione-nostalgia-di-fratelli-ditalia-riecco-filippo-livio-daro-il-mio-contributo-ma-non-mi-candido\/","title":{"rendered":"Operazione nostalgia di Fratelli d&#039;Italia, riecco Filippo Livio: &quot;Dar\u00f2 il mio contributo ma non mi candido&quot;"},"content":{"rendered":"<p style=\"text-align: justify\">\u201c<em>Nel 2006 decisi di farmi da parte, di non occuparmi pi\u00f9 della politica locale anche se di cose da dire ne avevo. Ma adesso \u00e8 giunto il momento di dare il mio contributo ad un progetto politico serio, che dar\u00e0 molto spazio ai giovani\u201d<\/em>.<div id=\"div-gpt-ad-Messinaoggi.it-DSK-300x250-corpoart\" style=\"text-align:center;margin:0 auto;\"><\/div><\/p>\n<p style=\"text-align: justify\">La politica locale riabbraccia Filippo Livio, che rompe un silenzio lungo dodici anni per abbracciare Fratelli d\u2019Italia. Non sar\u00e0 uno dei candidati nelle liste per il prossimo Consiglio Comunale, questo il diretto interessato lo chiarisce subito, ma vuole dare un supporto fatto di esperienza e capacit\u00e0 amministrativa.<div id=\"videoincontent\" style=\"clear:both\";><\/div><\/p>\n<p style=\"text-align: justify\">Perch\u00e9 Livio l\u2019aula consiliare la conosce bene, avendola presieduta per ben due volte e avendo portato avanti battaglie a livello nazionale: \u201c<em>Quando fui eletto la prima volta, nel 1994, il presidente del Consiglio Comunale non aveva a disposizione neanche la stanza, insieme al mio collega di Torino portammo avanti tante iniziative affinch\u00e8 questa figura fosse rispettata a livello nazionale. Vi doveva essere una maggior dualit\u00e0 tra Consiglio Comunale e amministrazione. Ricordo anche che l\u2019Amam si \u00e8 trasformata in Spa dopo soli 3 mesi dal mio insediamento alla presidenza della societ\u00e0\u201d.<\/em><\/p>\n<p style=\"text-align: justify\">Livio spiega i motivi della sua scelta: \u201c<em>Concordo con Giorgia Meloni quando dice per occorre crescere per non morire \u2013 ha spiegato \u2013 questa purtroppo \u00e8 la citt\u00e0 dei No a prescindere, dove l\u2019importante \u00e8 non far fare le cose anche se buone e positive per la collettivit\u00e0. Da qui il successo di Accorinti che ha guidato un\u2019amministrazione dannosa, capace solo di presentare delibere a poche ore dalla scadenza. Sono certo che Bramanti vincer\u00e0, grazie a lui l\u2019Irccs \u00e8 diventata una grande ed importante realt\u00e0, mi domando cosa debba dimostrare ancora affinch\u00e8 si riveli un candidato sindaco all\u2019altezza\u201d<\/em>.<\/p>\n<p style=\"text-align: center\">Sull\u2019operazione che ha portato Livio alla corte di Fratelli d\u2019Italia, c\u2019\u00e8 lo zampino di Elvira Amata: \u201c<em>Lo conosco dal 1994, lui era il presidente del Consiglio Comunale al momento del mio primo mandato, eravamo entrambi dentro Forza Italia, per me \u00e8 un maestro. Quella era un\u2019aula di grande spessore, dove si dava la possibilit\u00e0 ai consiglieri di studiare le delibere fino all\u2019ultimo rigo. Nulla di paragonabile con quello che purtroppo si \u00e8 visto negli ultimi 5 anni\u201d.<\/em> Presente anche la deputata nazionale Ella Bucalo: \u201c<em>Per noi \u00e8 un grande privilegio avere questa figura dentro il partito\u201d.<\/em><\/p>\n","protected":false},"excerpt":{"rendered":"<p>\u201cNel 2006 decisi di farmi da parte, di non occuparmi pi\u00f9 della politica locale anche se di cose da dire ne avevo. Ma adesso \u00e8 giunto il momento di dare il mio contributo ad un progetto politico serio, che dar\u00e0 molto spazio ai giovani\u201d. La politica locale riabbraccia Filippo Livio, che rompe un silenzio lungo [&hellip;]<\/p>\n","protected":false},"author":14,"featured_media":18260,"comment_status":"closed","ping_status":"open","sticky":false,"template":"","format":"standard","meta":{"ub_ctt_via":"","_mi_skip_tracking":false},"categories":[6],"tags":[],"featured_image_src":"https:\/\/www.messinaoggi.it\/website\/wp-content\/uploads\/2018\/04\/IMG_20180416_111813-1.jpg","author_info":{"display_name":"Antonio Macauda","author_link":"https:\/\/www.messinaoggi.it\/website\/author\/a-macauda\/"},"digistream_id":0,"digistream":false,"_links":{"self":[{"href":"https:\/\/www.messinaoggi.it\/website\/wp-json\/wp\/v2\/posts\/18257"}],"collection":[{"href":"https:\/\/www.messinaoggi.it\/website\/wp-json\/wp\/v2\/posts"}],"about":[{"href":"https:\/\/www.messinaoggi.it\/website\/wp-json\/wp\/v2\/types\/post"}],"author":[{"embeddable":true,"href":"https:\/\/www.messinaoggi.it\/website\/wp-json\/wp\/v2\/users\/14"}],"replies":[{"embeddable":true,"href":"https:\/\/www.messinaoggi.it\/website\/wp-json\/wp\/v2\/comments?post=18257"}],"version-history":[{"count":0,"href":"https:\/\/www.messinaoggi.it\/website\/wp-json\/wp\/v2\/posts\/18257\/revisions"}],"wp:featuredmedia":[{"embeddable":true,"href":"https:\/\/www.messinaoggi.it\/website\/wp-json\/wp\/v2\/media\/18260"}],"wp:attachment":[{"href":"https:\/\/www.messinaoggi.it\/website\/wp-json\/wp\/v2\/media?parent=18257"}],"wp:term":[{"taxonomy":"category","embeddable":true,"href":"https:\/\/www.messinaoggi.it\/website\/wp-json\/wp\/v2\/categories?post=18257"},{"taxonomy":"post_tag","embeddable":true,"href":"https:\/\/www.messinaoggi.it\/website\/wp-json\/wp\/v2\/tags?post=18257"}],"curies":[{"name":"wp","href":"https:\/\/api.w.org\/{rel}","templated":true}]}}