{"id":182546,"date":"2024-01-02T10:08:01","date_gmt":"2024-01-02T09:08:01","guid":{"rendered":"https:\/\/www.messinaoggi.it\/website\/2024\/01\/02\/fontana-la-diplomazia-e-la-strada-per-costruire-una-pace-giusta\/"},"modified":"2024-01-02T10:08:01","modified_gmt":"2024-01-02T09:08:01","slug":"fontana-la-diplomazia-e-la-strada-per-costruire-una-pace-giusta","status":"publish","type":"post","link":"https:\/\/www.messinaoggi.it\/website\/2024\/01\/02\/fontana-la-diplomazia-e-la-strada-per-costruire-una-pace-giusta\/","title":{"rendered":"Fontana \u201cLa diplomazia \u00e8 la strada per costruire una pace giusta\u201d"},"content":{"rendered":"<div>ROMA (ITALPRESS) &#8211; &#8220;Lo strumento \u00e8 quello della diplomazia. Spero nella buona volont\u00e0 degli uomini, dei capi di governo e della comunit\u00e0 internazionale affinch\u00e8 si ponga fine alle ostilit\u00e0 e si prosegua nella costruzione di una pace giusta e duratura&#8221;. Lo dice, in un&#8217;intervista al Corriere della Sera, il presidente della Camera Lorenzo Fontana, parlando della situazione in Ucraina e in Medio Oriente. In merito al discorso di fine anno del presidente della Repubblica, Fontana afferma: &#8220;Ho apprezzato in particolar modo il passaggio in cui si \u00e8 rivolto ai ragazzi, sottolineando l&#8217;importanza di non confondere l&#8217;amore con il possesso&#8221;. Riguardo all&#8217;evasione fiscale Fontana sottolinea che &#8220;occorre ricordare che \u00e8 un reato. Costringe chi paga le tasse, che sono tante, a pagarne di pi\u00f9 e costringe lo Stato, introitando meno risorse, a erogare meno servizi ai cittadini. Questo \u00e8 inaccettabile&#8221;.<br \/>-foto Agenzia Fotogramma &#8211;<br \/>(ITALPRESS).<\/div>\n<div id=\"div-gpt-ad-Messinaoggi.it-DSK-300x250-corpoart\" style=\"text-align:center;margin:0 auto;\"><\/div><\/p><div id=\"videoincontent\" style=\"clear:both\";><\/div>","protected":false},"excerpt":{"rendered":"<p>ROMA (ITALPRESS) &#8211; &#8220;Lo strumento \u00e8 quello della diplomazia. Spero nella buona volont\u00e0 degli uomini, dei capi di governo e della comunit\u00e0 internazionale affinch\u00e8 si ponga fine alle ostilit\u00e0 e si prosegua nella costruzione di una pace giusta e duratura&#8221;. Lo dice, in un&#8217;intervista al Corriere della Sera, il presidente della Camera Lorenzo Fontana, parlando [&hellip;]<\/p>\n","protected":false},"author":18,"featured_media":182547,"comment_status":"closed","ping_status":"closed","sticky":false,"template":"","format":"standard","meta":{"ub_ctt_via":"","_mi_skip_tracking":false},"categories":[446],"tags":[783],"featured_image_src":"https:\/\/www.messinaoggi.it\/website\/wp-content\/uploads\/2024\/01\/20240102_0097.jpg","author_info":{"display_name":"Admin","author_link":"https:\/\/www.messinaoggi.it\/website\/author\/admin\/"},"digistream_id":0,"digistream":false,"_links":{"self":[{"href":"https:\/\/www.messinaoggi.it\/website\/wp-json\/wp\/v2\/posts\/182546"}],"collection":[{"href":"https:\/\/www.messinaoggi.it\/website\/wp-json\/wp\/v2\/posts"}],"about":[{"href":"https:\/\/www.messinaoggi.it\/website\/wp-json\/wp\/v2\/types\/post"}],"author":[{"embeddable":true,"href":"https:\/\/www.messinaoggi.it\/website\/wp-json\/wp\/v2\/users\/18"}],"replies":[{"embeddable":true,"href":"https:\/\/www.messinaoggi.it\/website\/wp-json\/wp\/v2\/comments?post=182546"}],"version-history":[{"count":0,"href":"https:\/\/www.messinaoggi.it\/website\/wp-json\/wp\/v2\/posts\/182546\/revisions"}],"wp:featuredmedia":[{"embeddable":true,"href":"https:\/\/www.messinaoggi.it\/website\/wp-json\/wp\/v2\/media\/182547"}],"wp:attachment":[{"href":"https:\/\/www.messinaoggi.it\/website\/wp-json\/wp\/v2\/media?parent=182546"}],"wp:term":[{"taxonomy":"category","embeddable":true,"href":"https:\/\/www.messinaoggi.it\/website\/wp-json\/wp\/v2\/categories?post=182546"},{"taxonomy":"post_tag","embeddable":true,"href":"https:\/\/www.messinaoggi.it\/website\/wp-json\/wp\/v2\/tags?post=182546"}],"curies":[{"name":"wp","href":"https:\/\/api.w.org\/{rel}","templated":true}]}}