{"id":18253,"date":"2018-04-16T11:54:57","date_gmt":"2018-04-16T09:54:57","guid":{"rendered":"http:\/\/www.messinaoggi.it\/website\/?p=18253"},"modified":"2018-04-16T11:54:57","modified_gmt":"2018-04-16T09:54:57","slug":"prorogato-il-vernissage-di-giuseppe-livio","status":"publish","type":"post","link":"https:\/\/www.messinaoggi.it\/website\/2018\/04\/16\/prorogato-il-vernissage-di-giuseppe-livio\/","title":{"rendered":"Prorogato il vernissage di Giuseppe  Livio"},"content":{"rendered":"<p>A conferma del\u00a0 grande\u00a0 successo che\u00a0 sta ottenendo\u00a0 l\u2019esposizione di Giuseppe Livio, visitabile presso lo studio legale GED di Ginardi e Di Stefano a Catania, inaugurato lo scorso 3 novembre, l\u2019evento sar\u00e0 prolungato fino al 30 settembre 2018. \u00a0\u00a0Inserita tra le mostre pi\u00f9 interessanti dell\u2019anno il vernissage ha attirato \u00a0l\u2019attenzione di un vasto pubblico assai attento e ricettivo.<br \/>\nRicco di stimolanti sollecitazioni artistiche con particolare riguardo all\u2019acquisizione delle diverse tecniche incisorie e il conseguente antico mestiere di stampa <strong>Giuseppe Livio<\/strong>\u00a0 apre il suo studio pensatoio a Catania, nel quale realizza opere scultoree, pittoriche e calcografiche.<br \/>\n<img loading=\"lazy\" class=\"alignnone size-medium wp-image-18255\" src=\"http:\/\/www.messinaoggi.it\/website\/wp-content\/uploads\/2018\/04\/Visitatori-alla-personale-di-Giuseppe-Livio-300x200.jpg\" alt=\"\" width=\"300\" height=\"200\" \/><br \/>\nIl viaggio lavoro a Salisburgo e la permanenza nella grande citt\u00e0 \u201cporta d\u2019oriente\u201d Instanbul, unitamente a numerosi viaggi in Cappadocia e in altri luoghi della Turchia, lo porta a vivere situazioni contrastanti e diversissime, che gli consentono di affinare nuove tecniche scultoree e pittoriche\u00a0 e di acquisire nel contempo la conoscenza di nuove culture intrise dei colori di paesaggi e degli odori di materiali unici che stimolano la sua innata curiosit\u00e0 rispetto a tutto ci\u00f2 che \u00e8 nuovo e significante e che vengono tradotti in una serie copiosa di opere.<br \/>\n<img loading=\"lazy\" class=\"alignnone size-medium wp-image-18256\" src=\"http:\/\/www.messinaoggi.it\/website\/wp-content\/uploads\/2018\/04\/Le-scuole-alla-mostra-di-Giuseppe-Livio-300x169.jpg\" alt=\"\" width=\"300\" height=\"169\" \/><br \/>\nUn evento da non perdere per approfondire la conoscenza\u00a0 di un\u2019artista che sa donarsi interamente al suo pubblico regalandogli incredibili emozioni.<br \/>\n <br \/>\n <div id=\"div-gpt-ad-Messinaoggi.it-DSK-300x250-corpoart\" style=\"text-align:center;margin:0 auto;\"><\/div><\/p>\n<div id=\"videoincontent\" style=\"clear:both\";><\/div>","protected":false},"excerpt":{"rendered":"<p>A conferma del\u00a0 grande\u00a0 successo che\u00a0 sta ottenendo\u00a0 l\u2019esposizione di Giuseppe Livio, visitabile presso lo studio legale GED di Ginardi e Di Stefano a Catania, inaugurato lo scorso 3 novembre, l\u2019evento sar\u00e0 prolungato fino al 30 settembre 2018. \u00a0\u00a0Inserita tra le mostre pi\u00f9 interessanti dell\u2019anno il vernissage ha attirato \u00a0l\u2019attenzione di un vasto pubblico assai [&hellip;]<\/p>\n","protected":false},"author":5,"featured_media":18254,"comment_status":"closed","ping_status":"open","sticky":false,"template":"","format":"standard","meta":{"ub_ctt_via":"","_mi_skip_tracking":false},"categories":[16],"tags":[],"featured_image_src":"https:\/\/www.messinaoggi.it\/website\/wp-content\/uploads\/2018\/04\/Visitatori-alla-personale-di-Giuseppe-Livio-1-1-1.jpg","author_info":{"display_name":"Maria Antonella Saia","author_link":"https:\/\/www.messinaoggi.it\/website\/author\/m-saia\/"},"digistream_id":0,"digistream":false,"_links":{"self":[{"href":"https:\/\/www.messinaoggi.it\/website\/wp-json\/wp\/v2\/posts\/18253"}],"collection":[{"href":"https:\/\/www.messinaoggi.it\/website\/wp-json\/wp\/v2\/posts"}],"about":[{"href":"https:\/\/www.messinaoggi.it\/website\/wp-json\/wp\/v2\/types\/post"}],"author":[{"embeddable":true,"href":"https:\/\/www.messinaoggi.it\/website\/wp-json\/wp\/v2\/users\/5"}],"replies":[{"embeddable":true,"href":"https:\/\/www.messinaoggi.it\/website\/wp-json\/wp\/v2\/comments?post=18253"}],"version-history":[{"count":0,"href":"https:\/\/www.messinaoggi.it\/website\/wp-json\/wp\/v2\/posts\/18253\/revisions"}],"wp:featuredmedia":[{"embeddable":true,"href":"https:\/\/www.messinaoggi.it\/website\/wp-json\/wp\/v2\/media\/18254"}],"wp:attachment":[{"href":"https:\/\/www.messinaoggi.it\/website\/wp-json\/wp\/v2\/media?parent=18253"}],"wp:term":[{"taxonomy":"category","embeddable":true,"href":"https:\/\/www.messinaoggi.it\/website\/wp-json\/wp\/v2\/categories?post=18253"},{"taxonomy":"post_tag","embeddable":true,"href":"https:\/\/www.messinaoggi.it\/website\/wp-json\/wp\/v2\/tags?post=18253"}],"curies":[{"name":"wp","href":"https:\/\/api.w.org\/{rel}","templated":true}]}}