{"id":18246,"date":"2018-04-16T10:53:26","date_gmt":"2018-04-16T08:53:26","guid":{"rendered":"http:\/\/www.messinaoggi.it\/website\/?p=18246"},"modified":"2018-04-16T10:53:26","modified_gmt":"2018-04-16T08:53:26","slug":"fa-il-suo-esordio-nello-stretto-la-nave-brandizzata","status":"publish","type":"post","link":"https:\/\/www.messinaoggi.it\/website\/2018\/04\/16\/fa-il-suo-esordio-nello-stretto-la-nave-brandizzata\/","title":{"rendered":"Fa il suo esordio nello Stretto la nave brandizzata"},"content":{"rendered":"<p>E&#8217; il brand \u00e8 di un noto marchio, la nave \u00e8 la Zancle della &#8220;Caronte&amp;Tourist&#8221;. La nave brandizzata ha fatto il suo esordio nello Stretto di Messina e ci\u00f2 rappresenta una novit\u00e0 assoluta visto che mai prima d&#8217;ora s&#8217;era vista una nave &#8220;marchiata&#8221;.<br \/>\nL&#8217;iniziativa pubblicitaria \u00e8 della &#8220;Caronte&amp;Tourist&#8221;, societ\u00e0 di navigazione che si sta caratterizzando nel lancio di novit\u00e0 assolute nel campo della navigazione (a breve far\u00e0 il suo esordio anche la nave ecologica).<br \/>\nLa nave da ieri fa la spola fra le due sponde dello Stretto e i colori del brand &#8220;Despar&#8221; hanno scatenato non poca curiosit\u00e0 da parte dei messinesi che hanno notato il mezzo &#8220;pubblicitario&#8221; inviandoci anche la foto che proponiamo a corredo dell&#8217;articolo.<div id=\"div-gpt-ad-Messinaoggi.it-DSK-300x250-corpoart\" style=\"text-align:center;margin:0 auto;\"><\/div><\/p>\n<div id=\"videoincontent\" style=\"clear:both\";><\/div>","protected":false},"excerpt":{"rendered":"<p>E&#8217; il brand \u00e8 di un noto marchio, la nave \u00e8 la Zancle della &#8220;Caronte&amp;Tourist&#8221;. La nave brandizzata ha fatto il suo esordio nello Stretto di Messina e ci\u00f2 rappresenta una novit\u00e0 assoluta visto che mai prima d&#8217;ora s&#8217;era vista una nave &#8220;marchiata&#8221;. L&#8217;iniziativa pubblicitaria \u00e8 della &#8220;Caronte&amp;Tourist&#8221;, societ\u00e0 di navigazione che si sta caratterizzando [&hellip;]<\/p>\n","protected":false},"author":2,"featured_media":18245,"comment_status":"closed","ping_status":"open","sticky":false,"template":"","format":"standard","meta":{"ub_ctt_via":"","_mi_skip_tracking":false},"categories":[5],"tags":[],"featured_image_src":"https:\/\/www.messinaoggi.it\/website\/wp-content\/uploads\/2018\/04\/C6EFCE9F-E4AB-41CB-B367-9C47E2D93630-1.jpeg","author_info":{"display_name":"Redazione","author_link":"https:\/\/www.messinaoggi.it\/website\/author\/redazione\/"},"digistream_id":0,"digistream":false,"_links":{"self":[{"href":"https:\/\/www.messinaoggi.it\/website\/wp-json\/wp\/v2\/posts\/18246"}],"collection":[{"href":"https:\/\/www.messinaoggi.it\/website\/wp-json\/wp\/v2\/posts"}],"about":[{"href":"https:\/\/www.messinaoggi.it\/website\/wp-json\/wp\/v2\/types\/post"}],"author":[{"embeddable":true,"href":"https:\/\/www.messinaoggi.it\/website\/wp-json\/wp\/v2\/users\/2"}],"replies":[{"embeddable":true,"href":"https:\/\/www.messinaoggi.it\/website\/wp-json\/wp\/v2\/comments?post=18246"}],"version-history":[{"count":0,"href":"https:\/\/www.messinaoggi.it\/website\/wp-json\/wp\/v2\/posts\/18246\/revisions"}],"wp:featuredmedia":[{"embeddable":true,"href":"https:\/\/www.messinaoggi.it\/website\/wp-json\/wp\/v2\/media\/18245"}],"wp:attachment":[{"href":"https:\/\/www.messinaoggi.it\/website\/wp-json\/wp\/v2\/media?parent=18246"}],"wp:term":[{"taxonomy":"category","embeddable":true,"href":"https:\/\/www.messinaoggi.it\/website\/wp-json\/wp\/v2\/categories?post=18246"},{"taxonomy":"post_tag","embeddable":true,"href":"https:\/\/www.messinaoggi.it\/website\/wp-json\/wp\/v2\/tags?post=18246"}],"curies":[{"name":"wp","href":"https:\/\/api.w.org\/{rel}","templated":true}]}}