{"id":182453,"date":"2023-12-30T16:19:17","date_gmt":"2023-12-30T15:19:17","guid":{"rendered":"http:\/\/www.messinaoggi.it\/website\/?p=182453"},"modified":"2023-12-30T16:19:22","modified_gmt":"2023-12-30T15:19:22","slug":"la-messina-bendata-al-sindaco-basile","status":"publish","type":"post","link":"https:\/\/www.messinaoggi.it\/website\/2023\/12\/30\/la-messina-bendata-al-sindaco-basile\/","title":{"rendered":"&#8220;La Messina bendata&#8221; al sindaco Basile"},"content":{"rendered":"\n<p>Al Salone degli Specchi del Palazzo della Provincia si \u00e8 svolta la cerimonia di donazione del Docufilm, &#8220;la Messina bendata&#8221; al sindaco di Messina, Federico Basile. Il docufilm sugli artisti messinesi \u00e8 stato proiettato per la prima volta il 9 settembre al Palacultura, con la presenza di tutti gli esponenti del Comune e della Provincia e del critico d&#8217;arte&#8221;, Vittorio Sgarbi. Il docufilm &#8220;La Messina bendata&#8221;, ideato da Lillo Scipilliti, condotto da Rosy Trapa, diretto e montato da Salvo Grasso, prodotto dalla Cis cinematografica siciliana e supportato dal club Lions club Messina Colapesce, nasce come documento visivo, a futura memoria, per mettere in risalto il grande fermento artistico e culturale, dai primi del 900 ad oggi, soffermandosi sull&#8217; operato di alcuni dei protagonisti del territorio, come il compianto Maestro Luigi Ghersi. A tal proposito &#8221; la Messina bendata&#8221; mette in luce, attraverso il passionale intervento all&#8217; interno del docu, di Linuccia Fazzari, musa e compagna del Maestro Ghersi, scomparsi entrambi nel 2022, la presenza di opere che risultano nascoste perch\u00e9 collocate in luoghi non fruibili al pubblico, quindi sconosciute. Esempio &#8220;il soldato di maratona&#8221; di Ghersi, oggi collocata allo Stadio San Filippo per il quale, gli autori della Messina bendata&#8221; auspicano la collocazione in un sito pi\u00f9 centrale e adeguato.<br>Il docufilm sar\u00e0 riproposto, interamente, al Cinema Apollo, luned\u00ec 8 gennaio 2024, alle ore 19, scopo benefico. Il ricavato sar\u00e0 devoluto interamente all&#8217; associazione &#8221; Il sogno di Morgan&#8221;.<div id=\"div-gpt-ad-Messinaoggi.it-DSK-300x250-corpoart\" style=\"text-align:center;margin:0 auto;\"><\/div><\/p>\n<div id=\"videoincontent\" style=\"clear:both\";><\/div>","protected":false},"excerpt":{"rendered":"<p>Al Salone degli Specchi del Palazzo della Provincia si \u00e8 svolta la cerimonia di donazione del Docufilm, &#8220;la Messina bendata&#8221; al sindaco di Messina, Federico Basile. Il docufilm sugli artisti messinesi \u00e8 stato proiettato per la prima volta il 9 settembre al Palacultura, con la presenza di tutti gli esponenti del Comune e della Provincia [&hellip;]<\/p>\n","protected":false},"author":4,"featured_media":182454,"comment_status":"open","ping_status":"open","sticky":false,"template":"","format":"standard","meta":{"ub_ctt_via":"","_mi_skip_tracking":false},"categories":[5],"tags":[9342,2972,9340],"featured_image_src":"https:\/\/www.messinaoggi.it\/website\/wp-content\/uploads\/2023\/12\/IMG-20231230-WA0005.jpg","author_info":{"display_name":"redme","author_link":"https:\/\/www.messinaoggi.it\/website\/author\/redme\/"},"digistream_id":0,"digistream":false,"_links":{"self":[{"href":"https:\/\/www.messinaoggi.it\/website\/wp-json\/wp\/v2\/posts\/182453"}],"collection":[{"href":"https:\/\/www.messinaoggi.it\/website\/wp-json\/wp\/v2\/posts"}],"about":[{"href":"https:\/\/www.messinaoggi.it\/website\/wp-json\/wp\/v2\/types\/post"}],"author":[{"embeddable":true,"href":"https:\/\/www.messinaoggi.it\/website\/wp-json\/wp\/v2\/users\/4"}],"replies":[{"embeddable":true,"href":"https:\/\/www.messinaoggi.it\/website\/wp-json\/wp\/v2\/comments?post=182453"}],"version-history":[{"count":1,"href":"https:\/\/www.messinaoggi.it\/website\/wp-json\/wp\/v2\/posts\/182453\/revisions"}],"predecessor-version":[{"id":182455,"href":"https:\/\/www.messinaoggi.it\/website\/wp-json\/wp\/v2\/posts\/182453\/revisions\/182455"}],"wp:featuredmedia":[{"embeddable":true,"href":"https:\/\/www.messinaoggi.it\/website\/wp-json\/wp\/v2\/media\/182454"}],"wp:attachment":[{"href":"https:\/\/www.messinaoggi.it\/website\/wp-json\/wp\/v2\/media?parent=182453"}],"wp:term":[{"taxonomy":"category","embeddable":true,"href":"https:\/\/www.messinaoggi.it\/website\/wp-json\/wp\/v2\/categories?post=182453"},{"taxonomy":"post_tag","embeddable":true,"href":"https:\/\/www.messinaoggi.it\/website\/wp-json\/wp\/v2\/tags?post=182453"}],"curies":[{"name":"wp","href":"https:\/\/api.w.org\/{rel}","templated":true}]}}