{"id":182423,"date":"2023-12-30T10:08:01","date_gmt":"2023-12-30T09:08:01","guid":{"rendered":"https:\/\/www.messinaoggi.it\/website\/2023\/12\/30\/siani-torna-con-la-commedia-succede-anche-nelle-migliori-famiglie\/"},"modified":"2023-12-30T10:08:01","modified_gmt":"2023-12-30T09:08:01","slug":"siani-torna-con-la-commedia-succede-anche-nelle-migliori-famiglie","status":"publish","type":"post","link":"https:\/\/www.messinaoggi.it\/website\/2023\/12\/30\/siani-torna-con-la-commedia-succede-anche-nelle-migliori-famiglie\/","title":{"rendered":"Siani torna con la commedia \u201cSuccede anche nelle migliori famiglie\u201d"},"content":{"rendered":"<div>MILANO (ITALPRESS) &#8211; &#8220;La famiglia \u00e8 sempre stata vista come qualcosa di importante e di sacro. &#8220;Succede anche nelle migliori famiglie&#8221; significa che pu\u00f2 capitare a tutti&#8221;. A parlare \u00e8 Alessandro Siani, attore e regista, presentando, in un&#8217;intervista all&#8217;Italpress, il film &#8220;Succede anche nelle migliori famiglie&#8221;, al cinema da luned\u00ec 1 gennaio.<br \/>&#8220;&#8221;Succede anche nelle migliori famiglie&#8221; \u00e8 una frase che sentivo gi\u00e0 da ragazzino, dietro si nascondeva una retorica&#8221;, ha spiegato.<br \/>&#8220;Nel mio caso volevo raccontare &#8211; ha aggiunto &#8211; la storia di una famiglia che sembra perfetta con il pap\u00e0 medico amato e apprezzato da tutti, la mamma dedita alla famiglia, la sorella che \u00e8 una psicologa di successo, il fratello che \u00e8 un avvocato di successo e io che sono quello che avrebbe voluto seguire le orme del padre ma \u00e8 naufragato nell&#8217;ansia di prestazione. Poi avviene un evento: la morte del padre. Da quel momento c&#8217;\u00e8 una serie di squilibri che ci fanno vedere in faccia la realt\u00e0. Io, che sembravo la pecora nera della famiglia, mi dimostrer\u00f2 quello pi\u00f9 talentuoso nel risolvere i problemi&#8221;.<br \/>Un cast importante con interpreti di alto livello. &#8220;Una scatenatissima Cristiana Capotondi, Anna Galiena meravigliosa ed Euridice Axen che passa dalla comicit\u00e0 alle note pi\u00f9 malinconiche. Un cast eccezionale&#8221;, ha sottolineato Siani, parlando di Capotondi con cui aveva gi\u00e0 lavorato: &#8220;Mi sono trovato benissimo perch\u00e8 \u00e8 un&#8217;attrice di grande sensibilit\u00e0 e umanit\u00e0, come tutto il cast&#8221;. Nella commedia ci sono anche Antonio Catania e Dino Abbrescia che sono &#8220;attori di grande calibro&#8221; e Sergio Friscia che &#8220;\u00e8 stato esilarante&#8221;, ha spiegato Siani. Moderna e attuale la parte musicale. &#8220;Una perla scritta da Rocco Hunt. Mi ha fatto un grande regalo &#8211; ha affermato &#8211; perch\u00e8 ha scritto un pezzo che riesce a sottolineare e commentare in maniera precisa le atmosfere del film. E&#8217; un motivo in pi\u00f9 per ricordare che nel film &#8220;Succede anche nelle migliori famiglie&#8221; ce n&#8217;\u00e8 per tutti i gusti&#8221;.<br \/>&#8220;Non parlo della mia famiglia &#8211; ha detto Siani &#8211; perch\u00e8 \u00e8 meno drammatica, sotto alcuni punti di vista, ma molto pi\u00f9 simpatica. Mio padre \u00e8 un mancato comico, mia madre \u00e8 dedita alla famiglia. Per il resto le dinamiche del film non riguardano la mia famiglia. La pecora nera nella mia casa era mia sorella che si \u00e8 laureata e ha creato scompiglio per noi che sguazzavamo nell&#8217;ignoranza&#8221;, ha aggiunto sorridendo.<br \/>Nel film c&#8217;\u00e8 &#8220;anche un discorso sulla meritocrazia e il nepotismo fino ad arrivare al clientelismo. Mi sono informato &#8211; ha detto &#8211; e ho visto che quando si parla di meritocrazia esiste un &#8220;meritometro&#8221;. L&#8217;Italia \u00e8 fanalino di coda mentre ai primi posti c&#8217;\u00e8 la Finlandia&#8221;.<br \/>Nel film si parla anche delle aspettative dei genitori nei confronti dei figli. &#8220;C&#8217;\u00e8 sempre un&#8217;aspettativa nei confronti dei figli ma spesso c&#8217;\u00e8 anche una grande aspettativa nei confronti dei genitori. La cosa migliore &#8211; ha affermato &#8211; \u00e8 lasciare i ragazzi liberi di esprimere il loro talento, che poi entra senza bussare. Per quanto riguarda la pressione e l&#8217;ansia, \u00e8 chiaro che si vorrebbe il meglio per la propria famiglia e per i figli&#8221;.<br \/>A Natale Siani torna a teatro a Napoli per i 20 anni di &#8220;Fiesta&#8221;. &#8220;Lo spettacolo si chiamava Fiesta &#8211; ha raccontato &#8211; e nel 2003 sono salito su un palco proponendo uno spettacolo con un linguaggio abbastanza underground, metropolitano. Era un linguaggio completamente nuovo. Non c&#8217;era mai stato questo spaccato di ragazzo di strada che voleva raccontare quello che succedeva realmente nei ghetti. Incredibilmente ebbe un grande successo e mi port\u00f2 a esibirmi allo stadio San Paolo per la prima volta. Dopo 20 anni lo ripropongo. La cosa pi\u00f9 bella \u00e8 che c&#8217;\u00e8 un giovane ragazzo di 20 anni che si chiama Geolier, che secondo me \u00e8 uno dei pi\u00f9 grandi musicisti e cantanti del momento. E&#8217; cresciuto con quello spettacolo e oggi mi ha scritto le musiche&#8221;. C&#8217;\u00e8, quindi, &#8220;anche il piacere di tornare indietro ma con uno sguardo verso il futuro&#8221;, ha sottolineato.<br \/>Forse il futuro parla anche di musical? &#8220;Anche. Siamo nei teatri a Napoli con Mare Fuori. Un esperimento &#8211; ha evidenziato &#8211; interessante sotto alcuni punti di vista: vedere questi ragazzi venire dalla serie ed esibirsi su un palco, metterci il cuore e l&#8217;anima, cantare, ballare e recitare, essere accolti dal pubblico con grande affetto \u00e8 stato un bell&#8217;esperimento. Arriveremo anche a Milano. E&#8217; chiaro che nel musical c&#8217;\u00e8 pi\u00f9 speranza e una voglia di raccontare qualcosa di diverso che non \u00e8 stato raccontato nella serie. E&#8217; stato un esperimento &#8211; ha concluso &#8211; che per fortuna \u00e8 stato accolto molto bene&#8221;.<br \/>-foto Italpress &#8211;<br \/>(ITALPRESS).<\/div>\n<div id=\"div-gpt-ad-Messinaoggi.it-DSK-300x250-corpoart\" style=\"text-align:center;margin:0 auto;\"><\/div><\/p><div id=\"videoincontent\" style=\"clear:both\";><\/div>","protected":false},"excerpt":{"rendered":"<p>MILANO (ITALPRESS) &#8211; &#8220;La famiglia \u00e8 sempre stata vista come qualcosa di importante e di sacro. &#8220;Succede anche nelle migliori famiglie&#8221; significa che pu\u00f2 capitare a tutti&#8221;. A parlare \u00e8 Alessandro Siani, attore e regista, presentando, in un&#8217;intervista all&#8217;Italpress, il film &#8220;Succede anche nelle migliori famiglie&#8221;, al cinema da luned\u00ec 1 gennaio.&#8220;&#8221;Succede anche nelle migliori [&hellip;]<\/p>\n","protected":false},"author":18,"featured_media":182424,"comment_status":"closed","ping_status":"closed","sticky":false,"template":"","format":"standard","meta":{"ub_ctt_via":"","_mi_skip_tracking":false},"categories":[446],"tags":[783],"featured_image_src":"https:\/\/www.messinaoggi.it\/website\/wp-content\/uploads\/2023\/12\/20231230_0106.jpg","author_info":{"display_name":"Admin","author_link":"https:\/\/www.messinaoggi.it\/website\/author\/admin\/"},"digistream_id":0,"digistream":false,"_links":{"self":[{"href":"https:\/\/www.messinaoggi.it\/website\/wp-json\/wp\/v2\/posts\/182423"}],"collection":[{"href":"https:\/\/www.messinaoggi.it\/website\/wp-json\/wp\/v2\/posts"}],"about":[{"href":"https:\/\/www.messinaoggi.it\/website\/wp-json\/wp\/v2\/types\/post"}],"author":[{"embeddable":true,"href":"https:\/\/www.messinaoggi.it\/website\/wp-json\/wp\/v2\/users\/18"}],"replies":[{"embeddable":true,"href":"https:\/\/www.messinaoggi.it\/website\/wp-json\/wp\/v2\/comments?post=182423"}],"version-history":[{"count":0,"href":"https:\/\/www.messinaoggi.it\/website\/wp-json\/wp\/v2\/posts\/182423\/revisions"}],"wp:featuredmedia":[{"embeddable":true,"href":"https:\/\/www.messinaoggi.it\/website\/wp-json\/wp\/v2\/media\/182424"}],"wp:attachment":[{"href":"https:\/\/www.messinaoggi.it\/website\/wp-json\/wp\/v2\/media?parent=182423"}],"wp:term":[{"taxonomy":"category","embeddable":true,"href":"https:\/\/www.messinaoggi.it\/website\/wp-json\/wp\/v2\/categories?post=182423"},{"taxonomy":"post_tag","embeddable":true,"href":"https:\/\/www.messinaoggi.it\/website\/wp-json\/wp\/v2\/tags?post=182423"}],"curies":[{"name":"wp","href":"https:\/\/api.w.org\/{rel}","templated":true}]}}