{"id":182374,"date":"2023-12-29T18:08:00","date_gmt":"2023-12-29T17:08:00","guid":{"rendered":"https:\/\/www.messinaoggi.it\/website\/2023\/12\/29\/patto-di-stabilita-schlein-governo-ha-accettato-compromesso-dannoso\/"},"modified":"2023-12-29T18:08:00","modified_gmt":"2023-12-29T17:08:00","slug":"patto-di-stabilita-schlein-governo-ha-accettato-compromesso-dannoso","status":"publish","type":"post","link":"https:\/\/www.messinaoggi.it\/website\/2023\/12\/29\/patto-di-stabilita-schlein-governo-ha-accettato-compromesso-dannoso\/","title":{"rendered":"Patto di stabilit\u00e0, Schlein \u201cGoverno ha accettato compromesso dannoso\u201d"},"content":{"rendered":"<div>ROMA (ITALPRESS) &#8211; &#8220;Il governo italiano ha accettato un compromesso dannoso per l&#8217;Italia su una riforma importante come quella del patto di stabilit\u00e0 e crescita: hanno guardato altri decidere &#8211; la Francia e la Germania in particolare &#8211; e sono stati del tutto assenti nel negoziato&#8221;. Lo ha detto la segretaria del Pd, Elly Schlein, a &#8220;Tagad\u00e0&#8221; su La7. &#8220;Il risultato \u00e8 che ci stanno riportando all&#8217;austerit\u00e0, con un compromesso che introduce di nuovo dei parametri rigidi quantitativi uguali per tutti i Paesi sul rientro del debito e del deficit&#8221;, ha spiegato. <br \/>&#8220;Il governo, nella sua incapacit\u00e0 di costruire assi con i Paesi che hanno situazioni pi\u00f9 simili alle nostre o anche per antipatie politiche, \u00e8 arrivato tardi a quel negoziato e ha guardato gli altri decidere: a pagare sar\u00e0 l&#8217;Italia, perch\u00e8 \u00e8 un&#8217;ipoteca colossale sul futuro del Paese&#8221;, ha concluso Schlein.<br \/>Sulla manovra, secondo la segretaria dem, &#8220;\u00e8 vero c&#8217;erano poche risorse, ma hanno scelto di utilizzare malissimo quelle che avevano e anche nella riforma fiscale purtroppo vediamo questo andazzo, oltre al fatto che abbiamo perso il conto dei condoni&#8221;.<br \/>(ITALPRESS).<br \/>&#8211; Foto: Agenzia Fotogramma &#8211;<\/div>\n<div id=\"div-gpt-ad-Messinaoggi.it-DSK-300x250-corpoart\" style=\"text-align:center;margin:0 auto;\"><\/div><\/p><div id=\"videoincontent\" style=\"clear:both\";><\/div>","protected":false},"excerpt":{"rendered":"<p>ROMA (ITALPRESS) &#8211; &#8220;Il governo italiano ha accettato un compromesso dannoso per l&#8217;Italia su una riforma importante come quella del patto di stabilit\u00e0 e crescita: hanno guardato altri decidere &#8211; la Francia e la Germania in particolare &#8211; e sono stati del tutto assenti nel negoziato&#8221;. Lo ha detto la segretaria del Pd, Elly Schlein, [&hellip;]<\/p>\n","protected":false},"author":18,"featured_media":182375,"comment_status":"closed","ping_status":"closed","sticky":false,"template":"","format":"standard","meta":{"ub_ctt_via":"","_mi_skip_tracking":false},"categories":[446],"tags":[783],"featured_image_src":"https:\/\/www.messinaoggi.it\/website\/wp-content\/uploads\/2023\/12\/20231229_1278.jpg","author_info":{"display_name":"Admin","author_link":"https:\/\/www.messinaoggi.it\/website\/author\/admin\/"},"digistream_id":0,"digistream":false,"_links":{"self":[{"href":"https:\/\/www.messinaoggi.it\/website\/wp-json\/wp\/v2\/posts\/182374"}],"collection":[{"href":"https:\/\/www.messinaoggi.it\/website\/wp-json\/wp\/v2\/posts"}],"about":[{"href":"https:\/\/www.messinaoggi.it\/website\/wp-json\/wp\/v2\/types\/post"}],"author":[{"embeddable":true,"href":"https:\/\/www.messinaoggi.it\/website\/wp-json\/wp\/v2\/users\/18"}],"replies":[{"embeddable":true,"href":"https:\/\/www.messinaoggi.it\/website\/wp-json\/wp\/v2\/comments?post=182374"}],"version-history":[{"count":0,"href":"https:\/\/www.messinaoggi.it\/website\/wp-json\/wp\/v2\/posts\/182374\/revisions"}],"wp:featuredmedia":[{"embeddable":true,"href":"https:\/\/www.messinaoggi.it\/website\/wp-json\/wp\/v2\/media\/182375"}],"wp:attachment":[{"href":"https:\/\/www.messinaoggi.it\/website\/wp-json\/wp\/v2\/media?parent=182374"}],"wp:term":[{"taxonomy":"category","embeddable":true,"href":"https:\/\/www.messinaoggi.it\/website\/wp-json\/wp\/v2\/categories?post=182374"},{"taxonomy":"post_tag","embeddable":true,"href":"https:\/\/www.messinaoggi.it\/website\/wp-json\/wp\/v2\/tags?post=182374"}],"curies":[{"name":"wp","href":"https:\/\/api.w.org\/{rel}","templated":true}]}}