{"id":182357,"date":"2023-12-29T15:08:03","date_gmt":"2023-12-29T14:08:03","guid":{"rendered":"https:\/\/www.messinaoggi.it\/website\/2023\/12\/29\/pioli-nessuna-ultima-spiaggia-concentrati-sul-presente\/"},"modified":"2023-12-29T15:08:03","modified_gmt":"2023-12-29T14:08:03","slug":"pioli-nessuna-ultima-spiaggia-concentrati-sul-presente","status":"publish","type":"post","link":"https:\/\/www.messinaoggi.it\/website\/2023\/12\/29\/pioli-nessuna-ultima-spiaggia-concentrati-sul-presente\/","title":{"rendered":"Pioli \u201cNessuna ultima spiaggia, concentrati sul presente\u201d"},"content":{"rendered":"<div>MILANO (ITALPRESS) &#8211; &#8220;E&#8217; stata una settimana di lavoro, siamo concentrati solatamente per migliorare il presente, il mio e quello del Milan. Non penso al futuro adesso. Ma solo al presente e a far bene, perch\u00e8 ne abbiamo bisogno tutti. Abbiamo lavorato con tanta attenzione per mettere in campo una prestazione convincente e soprattutto vincente&#8221;. Stefano Pioli prova ad allontanare le nuvole nere dal suo futuro alla vigilia della sfida di campionato contro il Sassuolo. &#8220;Quella di domani non deve essere un&#8217;ultima spiaggia. Ogni volta noi dobbiamo uscire dal campo con la consapevolezza di aver dato tutto &#8211; prosegue &#8211; Credo che abbiamo commesso degli errori, che hanno abbassato il nostro livello e che con la Salernitana ci hanno impedito di vincere ma ai miei giocatori riconosco tanto impegno. Contro il Sassuolo sar\u00e0 necessario interpretare bene la partita, conoscere bene i nostri avversari. Non ho paura, vorrei solo che la squadra esprimesse tutto il suo potenziale. Quello per cui ci siamo preparati in tutti questi giorni&#8221;, ha aggiunto Pioli. Per il tecnico &#8220;il difetto di quest&#8217;anno \u00e8 che non abbiamo avuto continuit\u00e0, ma \u00e8 difficile dare una spiegazione. Siamo concentrati molto sul risolvere questa situazione&#8221;, ha concluso il tecnico rossonero che ha poi difeso i nuovi: &#8220;Sono forti, ragazzi fantastici che si sono calati nel nostro spirito e nel nostro gioco. Poi \u00e8 normale che ci voglia tempo per adattarsi al campionato italiano che non credo sia il pi\u00f9 bello ma sicuramente \u00e8 il pi\u00f9 complicato. E&#8217; normale che un giocatore che arriva da fuori ci metta tempo&#8221;. <br \/>&#8211; foto LivePhotoSport &#8211; <br \/>(ITALPRESS).<\/div>\n<div id=\"div-gpt-ad-Messinaoggi.it-DSK-300x250-corpoart\" style=\"text-align:center;margin:0 auto;\"><\/div><\/p><div id=\"videoincontent\" style=\"clear:both\";><\/div>","protected":false},"excerpt":{"rendered":"<p>MILANO (ITALPRESS) &#8211; &#8220;E&#8217; stata una settimana di lavoro, siamo concentrati solatamente per migliorare il presente, il mio e quello del Milan. Non penso al futuro adesso. Ma solo al presente e a far bene, perch\u00e8 ne abbiamo bisogno tutti. Abbiamo lavorato con tanta attenzione per mettere in campo una prestazione convincente e soprattutto vincente&#8221;. [&hellip;]<\/p>\n","protected":false},"author":18,"featured_media":0,"comment_status":"closed","ping_status":"closed","sticky":false,"template":"","format":"standard","meta":{"ub_ctt_via":"","_mi_skip_tracking":false},"categories":[446],"tags":[783],"featured_image_src":null,"author_info":{"display_name":"Admin","author_link":"https:\/\/www.messinaoggi.it\/website\/author\/admin\/"},"digistream_id":0,"digistream":false,"_links":{"self":[{"href":"https:\/\/www.messinaoggi.it\/website\/wp-json\/wp\/v2\/posts\/182357"}],"collection":[{"href":"https:\/\/www.messinaoggi.it\/website\/wp-json\/wp\/v2\/posts"}],"about":[{"href":"https:\/\/www.messinaoggi.it\/website\/wp-json\/wp\/v2\/types\/post"}],"author":[{"embeddable":true,"href":"https:\/\/www.messinaoggi.it\/website\/wp-json\/wp\/v2\/users\/18"}],"replies":[{"embeddable":true,"href":"https:\/\/www.messinaoggi.it\/website\/wp-json\/wp\/v2\/comments?post=182357"}],"version-history":[{"count":0,"href":"https:\/\/www.messinaoggi.it\/website\/wp-json\/wp\/v2\/posts\/182357\/revisions"}],"wp:attachment":[{"href":"https:\/\/www.messinaoggi.it\/website\/wp-json\/wp\/v2\/media?parent=182357"}],"wp:term":[{"taxonomy":"category","embeddable":true,"href":"https:\/\/www.messinaoggi.it\/website\/wp-json\/wp\/v2\/categories?post=182357"},{"taxonomy":"post_tag","embeddable":true,"href":"https:\/\/www.messinaoggi.it\/website\/wp-json\/wp\/v2\/tags?post=182357"}],"curies":[{"name":"wp","href":"https:\/\/api.w.org\/{rel}","templated":true}]}}