{"id":182351,"date":"2023-12-29T14:08:01","date_gmt":"2023-12-29T13:08:01","guid":{"rendered":"https:\/\/www.messinaoggi.it\/website\/2023\/12\/29\/il-real-madrid-blinda-ancelotti-rinnovo-fino-al-2026\/"},"modified":"2023-12-29T14:08:01","modified_gmt":"2023-12-29T13:08:01","slug":"il-real-madrid-blinda-ancelotti-rinnovo-fino-al-2026","status":"publish","type":"post","link":"https:\/\/www.messinaoggi.it\/website\/2023\/12\/29\/il-real-madrid-blinda-ancelotti-rinnovo-fino-al-2026\/","title":{"rendered":"Il Real Madrid blinda Ancelotti: rinnovo fino al 2026"},"content":{"rendered":"<div>MADRID (SPAGNA) (ITALPRESS) &#8211; Il Brasile pu\u00f2 attendere: Carlo Ancelotti sar\u00e0 l&#8217;allenatore del Real Madrid per altre due stagioni. I blancos hanno ufficializzato il rinnovo di contratto del 64enne tecnico di Reggiolo &#8211; che sarebbe scaduto a giugno &#8211; fino al 2026. Prosegue dunque il matrimonio fra il Real e Ancelotti, tornato nell&#8217;estate 2021 dopo aver gi\u00e0 guidato le merengues dal 2013 al 2015: in cinque stagioni sulla panchina madridista ha conquistato 10 titoli, ovvero 2 Champions, due Mondiali per Club, 2 Supercoppe europee, una Liga, due Coppe del Re e una Supercoppa di Spagna. Unico allenatore ad aver alzato al cielo la Champions per 4 volte (le altre due col Milan), \u00e8 il tecnico che vanta il maggior numero di vittorie nella massima competizione europea (118) e che \u00e8 riuscito a laurearsi campione nei cinque principali campionati europei (Italia col Milan, Inghilterra col Chelsea, Francia col Psg, Germania col Bayern e Spagna col Real). Da tempo sul tavolo di Ancelotti c&#8217;era una proposta della Federcalcio brasiliana, che spingeva per averlo alla guida della Sele\u00e7ao gi\u00e0 dalla prossima Coppa America, tanto da affidare solo ad interim la panchina a Diniz dopo l&#8217;addio di Tite. I verdeoro dovranno ora cercare un nuovo allenatore nonostante l&#8217;ottimismo professato nei mesi scorsi, col Real che ha deciso di tenersi stretto un allenatore che, al di l\u00e0 dei trofei, ha dimostrato anche di saper far crescere i giovani talenti sbarcati in questi anni a Madrid, da Vinicius fino a Bellingham. E lo stesso Ancelotti, dal canto suo, aveva sempre glissato sulle voci relative al Brasile ribadendo che la sua priorit\u00e0 era continuare al Real. Priorit\u00e0 che Florentino Perez \u00e8 stato ben felice di soddisfare.<br \/>&#8211; foto LivePhotoSport &#8211; <br \/>(ITALPRESS).<\/div>\n<div id=\"div-gpt-ad-Messinaoggi.it-DSK-300x250-corpoart\" style=\"text-align:center;margin:0 auto;\"><\/div><\/p><div id=\"videoincontent\" style=\"clear:both\";><\/div>","protected":false},"excerpt":{"rendered":"<p>MADRID (SPAGNA) (ITALPRESS) &#8211; Il Brasile pu\u00f2 attendere: Carlo Ancelotti sar\u00e0 l&#8217;allenatore del Real Madrid per altre due stagioni. I blancos hanno ufficializzato il rinnovo di contratto del 64enne tecnico di Reggiolo &#8211; che sarebbe scaduto a giugno &#8211; fino al 2026. Prosegue dunque il matrimonio fra il Real e Ancelotti, tornato nell&#8217;estate 2021 dopo [&hellip;]<\/p>\n","protected":false},"author":18,"featured_media":182352,"comment_status":"closed","ping_status":"closed","sticky":false,"template":"","format":"standard","meta":{"ub_ctt_via":"","_mi_skip_tracking":false},"categories":[446],"tags":[783],"featured_image_src":"https:\/\/www.messinaoggi.it\/website\/wp-content\/uploads\/2023\/12\/20231229_0700.jpg","author_info":{"display_name":"Admin","author_link":"https:\/\/www.messinaoggi.it\/website\/author\/admin\/"},"digistream_id":0,"digistream":false,"_links":{"self":[{"href":"https:\/\/www.messinaoggi.it\/website\/wp-json\/wp\/v2\/posts\/182351"}],"collection":[{"href":"https:\/\/www.messinaoggi.it\/website\/wp-json\/wp\/v2\/posts"}],"about":[{"href":"https:\/\/www.messinaoggi.it\/website\/wp-json\/wp\/v2\/types\/post"}],"author":[{"embeddable":true,"href":"https:\/\/www.messinaoggi.it\/website\/wp-json\/wp\/v2\/users\/18"}],"replies":[{"embeddable":true,"href":"https:\/\/www.messinaoggi.it\/website\/wp-json\/wp\/v2\/comments?post=182351"}],"version-history":[{"count":0,"href":"https:\/\/www.messinaoggi.it\/website\/wp-json\/wp\/v2\/posts\/182351\/revisions"}],"wp:featuredmedia":[{"embeddable":true,"href":"https:\/\/www.messinaoggi.it\/website\/wp-json\/wp\/v2\/media\/182352"}],"wp:attachment":[{"href":"https:\/\/www.messinaoggi.it\/website\/wp-json\/wp\/v2\/media?parent=182351"}],"wp:term":[{"taxonomy":"category","embeddable":true,"href":"https:\/\/www.messinaoggi.it\/website\/wp-json\/wp\/v2\/categories?post=182351"},{"taxonomy":"post_tag","embeddable":true,"href":"https:\/\/www.messinaoggi.it\/website\/wp-json\/wp\/v2\/tags?post=182351"}],"curies":[{"name":"wp","href":"https:\/\/api.w.org\/{rel}","templated":true}]}}