{"id":182308,"date":"2023-12-29T10:49:08","date_gmt":"2023-12-29T09:49:08","guid":{"rendered":"http:\/\/www.messinaoggi.it\/website\/?p=182308"},"modified":"2023-12-29T19:02:58","modified_gmt":"2023-12-29T18:02:58","slug":"cenone-collereale-e-polemica-tra-musolino-e-il-sindaco","status":"publish","type":"post","link":"https:\/\/www.messinaoggi.it\/website\/2023\/12\/29\/cenone-collereale-e-polemica-tra-musolino-e-il-sindaco\/","title":{"rendered":"Cenone Collereale, \u00e8 polemica tra Musolino e il sindaco, interviene anche De Luca"},"content":{"rendered":"\n<p>Nasce l&#8217;ennesima polemica tra la senatrice di Italia Viva, ex Sud chiama Nord, <strong>Dafne Musolino<\/strong> e il sindaco di Messina <strong>Federico Basile<\/strong>. Riprendendo un&#8217;inchiesta uscita sugli organi di stampa locali, Musolino ha attaccato l&#8217;amministrazione comunale sul cenone di Natale presso la struttura di Collereale, ed il sindaco ha poi risposto sui propri social. <div id=\"div-gpt-ad-Messinaoggi.it-DSK-300x250-corpoart\" style=\"text-align:center;margin:0 auto;\"><\/div><\/p>\n\n\n\n<figure class=\"wp-block-image size-large\"><img loading=\"lazy\" width=\"819\" height=\"1024\" src=\"http:\/\/www.messinaoggi.it\/website\/wp-content\/uploads\/2023\/12\/FB_IMG_1703843161715-1-819x1024.jpg\" alt=\"\" class=\"wp-image-182312\" srcset=\"https:\/\/www.messinaoggi.it\/website\/wp-content\/uploads\/2023\/12\/FB_IMG_1703843161715-1-819x1024.jpg 819w, https:\/\/www.messinaoggi.it\/website\/wp-content\/uploads\/2023\/12\/FB_IMG_1703843161715-1-240x300.jpg 240w, https:\/\/www.messinaoggi.it\/website\/wp-content\/uploads\/2023\/12\/FB_IMG_1703843161715-1-768x960.jpg 768w, https:\/\/www.messinaoggi.it\/website\/wp-content\/uploads\/2023\/12\/FB_IMG_1703843161715-1.jpg 1080w\" sizes=\"(max-width: 819px) 100vw, 819px\" \/><\/figure>\n\n\n\n<p>&#8220;Panem et circenses&#8230; senza nemmeno il panem. Sono le 22:00 del 24 dicembre e nella struttura comunale di Collereale viene servito il cenone di Natale, che \u00e8 quello che vedete nella foto. Pasta fredda, pomodori e mozzarella tutto regolarmente imbustato come sempre. Che tristezza vero? Sicuramente molti di voi penseranno che non pu\u00f2 essere vero, ma si sa, la societ\u00e0 moderna dichiara di volere combattere la povert\u00e0 ma pi\u00f9 spesso combatte i poveri! Nel silenzio indifferente delle istituzioni cittadine, che non provano neppure a chiedere scusa per questa cena fredda e soprattutto arida, abbiamo assistito alla inaugurazione della fontana danzante dal costo astronomico di oltre duecentomila euro! Chiarito che la fontana era gi\u00e0 stata inaugurata nel 2019, quindi si \u00e8 trattato solo di un costosissimo restyling,   prendiamo atto di quali sono le vere priorit\u00e0 di questa amministrazione. A pochi giorni infatti dal &#8216;ricco cenone natalizio di Collereale&#8217;,  l\u2019Amministrazione si \u00e8 superata: prolungamento degli orari del tram e dello Shuttle fino a tarda sera e richiamo in servizio della Polizia Municipale con revoca delle ferie gi\u00e0 concesse, oltre al giusto compenso per uno dei gruppi musicali pi\u00f9 longevi d\u2019Italia. Perch\u00e9 apparire al giorno d\u2019oggi per certa politica \u00e8 immensamente meglio che essere e i poveri, forse, nemmeno votano, dovendo pensare a sopravvivere.Ora la mia domanda, che faccio a tutti, senza nessuna distinzione politica: ma \u00e8 questa la Messina che voi volete per i vostri figli, per i vostri nipoti? Una Messina che da un lato prende in giro i meno fortunati e dall\u2019altro si mette in mostra con fontane danzanti, gare di go-kart elettrici e concerti vari. I romani, grandi conquistatori e amministratori, ammansivano il popolo con il famoso panem et circenses. Ma qui vi siete dimenticati il panem, che \u00e8 di gran lunga pi\u00f9 importante di qualsiasi spettacolo circense. Chiss\u00e0 se qualcuno si \u00e8 domandando che cosa succeder\u00e0 in citt\u00e0 da gennaio, quando il reddito di cittadinanza non ci sar\u00e0 pi\u00f9 e verr\u00e0 sostituito con il ben pi\u00f9 ridotto reddito da inclusione. Chiss\u00e0 se, spendendo meno per i concerti, fontane e gare di go-kart, si poteva fare qualcosa per i tirocinanti del progetto Nuovi percorsi dell\u2019abitare che a dicembre hanno finito lavoro e soldi\u2026 Io penso che chi amministra una citt\u00e0 abbia il dovere di pensare a tutti e di promuovere l\u2019inclusione e la solidariet\u00e0 come valori concreti e non facili slogan da sciorinare nelle interviste mentre si serve una carit\u00e0 d\u2019accatto&#8221; cos\u00ec ha postato Musolino sulla propria pagina Facebook. <div id=\"videoincontent\" style=\"clear:both\";><\/div><\/p>\n\n\n\n<p>Sullo stesso social, con un post intitolato &#8220;la finta carit\u00e0 natalizia dei nominati in Parlamento&#8221;, senza citare Musolino direttamente, ha reagito il sindaco: <\/p>\n\n\n\n<p>&#8220;Premesso che la libert\u00e0 di opinione \u00e8 sacrosanta e legittima in uno stato democratico del quale qualche anonimo politico locale \u00e8 diventato rappresentante nazionale, vorrei, con quella serenit\u00e0 d\u2019animo che porta con s\u00e9 il Santo Natale, definire la cornice politica nella quale questa amministrazione sta lavorando con passione e impegno. A differenza di qualcun altro non amo le prime pagine dei giornali anche se il mio ruolo di Sindaco spesso impone una presenza necessaria a far capire il lavoro che si svolge e non amo parlare per un clic o un like nelle pagine social come qualcuno si affanna a fare da un paio di mesi a questa parte. Non amo le polemiche sterili legate a singoli episodi che ingigantiti fanno perdere di vista tutte le azioni di cambiamento che questo comune dal 2018 sta portando avanti con ottimi risultati. Mi confronto giornalmente con tutte le problematiche di una citt\u00e0 che \u00e8 stata amministrata in maniera diligente solo negli ultimi quattro anni, una citt\u00e0 nella quale i servizi sociali erano in mano alle cooperative, dov\u2019\u00e8 non c\u2019era il trasporto pubblico locale e dove l\u2019acqua arrivava in riva allo stretto con le navi .. Oggi possiamo parlare di eventi Mobilit\u00e0 sostenibile, investimenti nel comparto dell\u2019acqua e un nuovo sistema dei servizi sociali.. di una nuova vivibilit\u00e0 della citt\u00e0 che fino a ieri per chi era in una squadra di governo era amministrata perfettamente mentre oggi con gli stessi principi di ieri non va pi\u00f9 a genio ai nuovi vergini della politica. Noi ci occupiamo delle vecchie e nuove povert\u00e0 365 giorni l\u2019anno! Ma prima della Messina Social City tutto questo esisteva? Ma gli sciacalli o le sciacalle che tentano di giustificare la propria esistenza con questo nuovo mestiere si ricordano della povert\u00e0 sono nel periodo natalizio per mettersi in mostra e speculare anche su veri poveri?Con convinzione, oggi che \u00e8 il giorno della memoria del terribile terremoto del 1908 dico viviamo il presente progettiamo il futuro e ricordiamoci da dove viene il nostro passato ! Senza polemiche ..&#8221; <\/p>\n\n\n\n<p>Anche <strong>Cateno De Luca<\/strong> \u00e8 intervenuto nel pomeriggio contro la senatrice di Iv, in una delle sue consuete dirette:<\/p>\n\n\n\n<p>&#8220;Messina sta vivendo una fase di cambiamento radicale, c&#8217;\u00e8 chi lo sta accettando di buon grado, chi no. \u00c8 inutile, non lo vuole accettare. E si continua con le polemiche e con sciacalli che si fiondano sul cenone di Natale, come se i poveri non esistessero ogni giorno. E meno male che c&#8217;\u00e8 chi se ne occupa. Sciacalli e sciacalle con i loro stipendi di decine di migliaia di euro a Messina che scoprono che ci sono i poveri&#8221;. <\/p>\n\n\n\n<p>&#8220;Sono quelli della categoria &#8216;prega Dio e inganna il prossimo&#8217;, &#8211; aggiunge in dialetto messinese -. Con loro ci vogliono &#8216;tumpulati e cauci nto culu&#8217; ho detto a Federico Basile. Se ad alcuni per educazione non rispondi, si montano la testa e diventano statisti, anche pi\u00f9 di Caligola che fece senatore il suo cavallo. Siamo oltre&#8221;.<\/p>\n\n\n\n<p>Il gruppo di Pi\u00f9 Europa Messina \u00e8 invece critico nei confronti dell&#8217;ammministrazione, come Musolino. <\/p>\n\n\n\n<p>&#8220;Il Sindaco Basile risponde alle critiche sulla cena di natale della Messina Social City vantando l&#8217;acquisizione delle cooperative per grazia ricevuta del patron Cateno De Luca. Viene addirittura rivendicato con orgoglio aver creato amministrazioni pubbliche dirette dai vassalli di De Luca che sulla citt\u00e0 di Messina tessono il proprio sistema clientelare e feudale. Centralizzare questi enti senza alcuna trasparenza, assumere personale senza riuscire a garantire loro lo stipendio, amministrare alla giornata senza contezza delle risorse pubbliche, non \u00e8 questo il governo che la citt\u00e0 meriterebbe. \u00c8 urgente pi\u00f9 che mai che la politica anteponga il merito alle proprie amicizie&#8221;. <\/p>\n\n\n\n<p>Cos\u00ec in una nota <strong>Giulio Perticari<\/strong>, portavoce del gruppo Pi\u00f9 Europa Messina e <strong>Palmira Mancuso<\/strong> della Direzione nazionale. <\/p>\n\n\n\n<p>&#8220;Nel clima di omert\u00e0 che permea la gestione di una delle partecipate pi\u00f9 importanti per il bacino di consenso di Cateno De Luca che ne ha nominato i vertici, \u00e8 bastato un articolo di stampa per scoperchiare il vaso di Pandora di una societ\u00e0 che non ha fornito risposte in merito a quanto denunciato, compreso il mancato pagamento degli affitti al Colle Reale, nel silenzio del consiglio comunale&#8221; prosegue la nota. <\/p>\n\n\n\n<p>&#8220;Comprendiamo che in un momento in cui l&#8217;amministrazione punta sulla propria immagine, che risulta ai pi\u00f9 vincente tra Concerti e addobbi natalizi, fare opposizione politica non sia vantaggioso. Ma ci auguriamo che i partiti rappresentati a Palazzo Zanca chiedano risposte circostanziate e un cambio dei vertici della Messina Social City&#8221;, conclude la nota.<\/p>\n","protected":false},"excerpt":{"rendered":"<p>Nasce l&#8217;ennesima polemica tra la senatrice di Italia Viva, ex Sud chiama Nord, Dafne Musolino e il sindaco di Messina Federico Basile. Riprendendo un&#8217;inchiesta uscita sugli organi di stampa locali, Musolino ha attaccato l&#8217;amministrazione comunale sul cenone di Natale presso la struttura di Collereale, ed il sindaco ha poi risposto sui propri social. &#8220;Panem et [&hellip;]<\/p>\n","protected":false},"author":123457,"featured_media":182311,"comment_status":"open","ping_status":"open","sticky":false,"template":"","format":"standard","meta":{"ub_ctt_via":"","_mi_skip_tracking":false},"categories":[6],"tags":[9337,5904,167,2972,571],"featured_image_src":"https:\/\/www.messinaoggi.it\/website\/wp-content\/uploads\/2023\/12\/FB_IMG_1703843161715-e1703843204314.jpg","author_info":{"display_name":"Michele Bruno","author_link":"https:\/\/www.messinaoggi.it\/website\/author\/michele-bruno\/"},"digistream_id":0,"digistream":false,"_links":{"self":[{"href":"https:\/\/www.messinaoggi.it\/website\/wp-json\/wp\/v2\/posts\/182308"}],"collection":[{"href":"https:\/\/www.messinaoggi.it\/website\/wp-json\/wp\/v2\/posts"}],"about":[{"href":"https:\/\/www.messinaoggi.it\/website\/wp-json\/wp\/v2\/types\/post"}],"author":[{"embeddable":true,"href":"https:\/\/www.messinaoggi.it\/website\/wp-json\/wp\/v2\/users\/123457"}],"replies":[{"embeddable":true,"href":"https:\/\/www.messinaoggi.it\/website\/wp-json\/wp\/v2\/comments?post=182308"}],"version-history":[{"count":7,"href":"https:\/\/www.messinaoggi.it\/website\/wp-json\/wp\/v2\/posts\/182308\/revisions"}],"predecessor-version":[{"id":182381,"href":"https:\/\/www.messinaoggi.it\/website\/wp-json\/wp\/v2\/posts\/182308\/revisions\/182381"}],"wp:featuredmedia":[{"embeddable":true,"href":"https:\/\/www.messinaoggi.it\/website\/wp-json\/wp\/v2\/media\/182311"}],"wp:attachment":[{"href":"https:\/\/www.messinaoggi.it\/website\/wp-json\/wp\/v2\/media?parent=182308"}],"wp:term":[{"taxonomy":"category","embeddable":true,"href":"https:\/\/www.messinaoggi.it\/website\/wp-json\/wp\/v2\/categories?post=182308"},{"taxonomy":"post_tag","embeddable":true,"href":"https:\/\/www.messinaoggi.it\/website\/wp-json\/wp\/v2\/tags?post=182308"}],"curies":[{"name":"wp","href":"https:\/\/api.w.org\/{rel}","templated":true}]}}