{"id":182291,"date":"2023-12-29T09:07:59","date_gmt":"2023-12-29T08:07:59","guid":{"rendered":"https:\/\/www.messinaoggi.it\/website\/2023\/12\/29\/tajani-maggioranza-coesa-sul-superbonus-ha-vinto-il-buonsenso\/"},"modified":"2023-12-29T09:07:59","modified_gmt":"2023-12-29T08:07:59","slug":"tajani-maggioranza-coesa-sul-superbonus-ha-vinto-il-buonsenso","status":"publish","type":"post","link":"https:\/\/www.messinaoggi.it\/website\/2023\/12\/29\/tajani-maggioranza-coesa-sul-superbonus-ha-vinto-il-buonsenso\/","title":{"rendered":"Tajani \u201cMaggioranza coesa, sul Superbonus ha vinto il buonsenso\u201d"},"content":{"rendered":"<div>ROMA (ITALPRESS) &#8211; Sui bonus edilizi &#8220;ha vinto il buonsenso e la ragionevolezza. Noi di Forza Italia siamo molto soddisfatti. Avevamo chiesto una sorta di sanatoria per evitare che cittadini perbene e imprese dovessero restituire i soldi e c&#8217;\u00e8 stata. Ma nessuno ha perso&#8221;. Lo dice in un&#8217;intervista al Corriere della Sera il vicepremier e ministro degli Esteri, Antonio Tajani.<br \/>&#8220;E&#8217; stata una trattativa dura. Ma ci siamo visti in preconsiglio con il ministro Giorgetti e il sottosegretario di Stato Mantovano e c&#8217;\u00e8 stata comprensione. Abbiamo condiviso il principio &#8211; sottolinea il segretario di Forza Italia -. Tant&#8217;\u00e8 che in Consiglio dei ministri il provvedimento \u00e8 arrivato all&#8217;unanimit\u00e0. Io sono contrario alle liti&#8221;.<br \/>Per Tajani &#8220;la maggioranza \u00e8 coesa. Poi certo si discute. In Consiglio dei ministri ci si vede per questo. Altrimenti ci scambieremmo delle e-mail&#8221;.<br \/>&#8220;Il Superbonus \u00e8 stato gestito malissimo dal governo Conte. Non si sono fatti i controlli e tanta gente si \u00e8 presa i soldi senza aver fatto i lavori &#8211; sottolinea il vicepremier -. E ha creato un buco nei conti dello Stato. Che c&#8217;entra con la misura approvata adesso? Qui parliamo di cittadini perbene e imprese oneste&#8221;.<div id=\"div-gpt-ad-Messinaoggi.it-DSK-300x250-corpoart\" style=\"text-align:center;margin:0 auto;\"><\/div><\/p>\n<p>&#8211; Foto: Agenzia Fotogramma &#8211;<div id=\"videoincontent\" style=\"clear:both\";><\/div><\/p>\n<p>(ITALPRESS).<\/p><\/div>\n","protected":false},"excerpt":{"rendered":"<p>ROMA (ITALPRESS) &#8211; Sui bonus edilizi &#8220;ha vinto il buonsenso e la ragionevolezza. Noi di Forza Italia siamo molto soddisfatti. Avevamo chiesto una sorta di sanatoria per evitare che cittadini perbene e imprese dovessero restituire i soldi e c&#8217;\u00e8 stata. Ma nessuno ha perso&#8221;. Lo dice in un&#8217;intervista al Corriere della Sera il vicepremier e [&hellip;]<\/p>\n","protected":false},"author":18,"featured_media":182292,"comment_status":"closed","ping_status":"closed","sticky":false,"template":"","format":"standard","meta":{"ub_ctt_via":"","_mi_skip_tracking":false},"categories":[446],"tags":[783],"featured_image_src":"https:\/\/www.messinaoggi.it\/website\/wp-content\/uploads\/2023\/12\/20231229_0079.jpg","author_info":{"display_name":"Admin","author_link":"https:\/\/www.messinaoggi.it\/website\/author\/admin\/"},"digistream_id":0,"digistream":false,"_links":{"self":[{"href":"https:\/\/www.messinaoggi.it\/website\/wp-json\/wp\/v2\/posts\/182291"}],"collection":[{"href":"https:\/\/www.messinaoggi.it\/website\/wp-json\/wp\/v2\/posts"}],"about":[{"href":"https:\/\/www.messinaoggi.it\/website\/wp-json\/wp\/v2\/types\/post"}],"author":[{"embeddable":true,"href":"https:\/\/www.messinaoggi.it\/website\/wp-json\/wp\/v2\/users\/18"}],"replies":[{"embeddable":true,"href":"https:\/\/www.messinaoggi.it\/website\/wp-json\/wp\/v2\/comments?post=182291"}],"version-history":[{"count":0,"href":"https:\/\/www.messinaoggi.it\/website\/wp-json\/wp\/v2\/posts\/182291\/revisions"}],"wp:featuredmedia":[{"embeddable":true,"href":"https:\/\/www.messinaoggi.it\/website\/wp-json\/wp\/v2\/media\/182292"}],"wp:attachment":[{"href":"https:\/\/www.messinaoggi.it\/website\/wp-json\/wp\/v2\/media?parent=182291"}],"wp:term":[{"taxonomy":"category","embeddable":true,"href":"https:\/\/www.messinaoggi.it\/website\/wp-json\/wp\/v2\/categories?post=182291"},{"taxonomy":"post_tag","embeddable":true,"href":"https:\/\/www.messinaoggi.it\/website\/wp-json\/wp\/v2\/tags?post=182291"}],"curies":[{"name":"wp","href":"https:\/\/api.w.org\/{rel}","templated":true}]}}