{"id":182213,"date":"2023-12-28T10:57:04","date_gmt":"2023-12-28T09:57:04","guid":{"rendered":"http:\/\/www.messinaoggi.it\/website\/?p=182213"},"modified":"2023-12-28T10:57:05","modified_gmt":"2023-12-28T09:57:05","slug":"terremoto-1908-gioveni-fa-specie-che-non-esista-via-che-lo-ricordi","status":"publish","type":"post","link":"https:\/\/www.messinaoggi.it\/website\/2023\/12\/28\/terremoto-1908-gioveni-fa-specie-che-non-esista-via-che-lo-ricordi\/","title":{"rendered":"Terremoto 1908, Gioveni: &#8220;fa specie che non esista via che lo ricordi&#8221;"},"content":{"rendered":"\n<p>&#8220;Da diversi anni ormai tento di portare avanti la proposta di intitolare una strada, piazza o slargo al luttuoso giorno che cambi\u00f2 radicalmente la storia nella nostra citt\u00e0, convinto della necessit\u00e0 di imprimere un segnale forte e tangibile in ricordo del triste evento del 28 dicembre 1908 che rase al suolo Messina. Ma ad oggi ancora tutto tace!&#8221;.<div id=\"div-gpt-ad-Messinaoggi.it-DSK-300x250-corpoart\" style=\"text-align:center;margin:0 auto;\"><\/div><\/p>\n\n\n\n<p>Con queste parole cariche di amarezza il consigliere comunale <strong>Libero Gioveni<\/strong>, capogruppo di Fratelli d&#8217;Italia, ricorda che sia da parte dell&#8217;Amministrazione Accorinti, sia da parte dell&#8217;Amministrazione De Luca e della stessa Amministrazione Basile (queste ultime accomunate dallo stesso Assessore alla cultura), nonostante le buone intenzioni, non si sia dato mai seguito a questa proposta.<div id=\"videoincontent\" style=\"clear:both\";><\/div><\/p>\n\n\n\n<figure class=\"wp-block-image size-large is-resized\"><img loading=\"lazy\" src=\"http:\/\/www.messinaoggi.it\/website\/wp-content\/uploads\/2020\/05\/libero-gioveni-in-aula-messinaoggi.jpg\" alt=\"\" class=\"wp-image-43341\" width=\"618\" height=\"411\"\/><figcaption>Libero Gioveni <\/figcaption><\/figure>\n\n\n\n<p>&#8220;Fa davvero specie pensare che in citt\u00e0 non esista via, strada, piazza, slargo, vicolo che ricordi proprio quel giorno per il quale oggi ricordiamo il 115\u00b0 anniversario &#8211; evidenzia Gioveni -. Ho sempre sostenuto la tesi secondo cui la strada che si presti meglio ad essere rinominata \u201cvia 28 dicembre 1908\u201d &#8211; prosegue il consigliere &#8211; fosse il tratto di viale San Martino compreso fra villa Dante e viale Europa, perch\u00e9 rappresenta il \u201ccuore\u201d del Quartiere Lombardo, che fu fra i primissimi quartieri ad essere ricostruiti dopo il sisma.La storia messinese dell\u2019ultimo secolo, infatti, narra che grazie ai finanziamenti erogati dalla famosa Opera Pia Lombarda, furono progettati e costruiti, subito dopo il terremoto del 1908, nel quadrilatero compreso fra via La Farina, viale Europa, via Catania e via Roosvelt (meglio noto, appunto, come \u201cQuartiere Lombardo\u201d), un orfanotrofio, un asilo ed un gruppo di case economiche con criteri antisismici&#8221;.<\/p>\n","protected":false},"excerpt":{"rendered":"<p>&#8220;Da diversi anni ormai tento di portare avanti la proposta di intitolare una strada, piazza o slargo al luttuoso giorno che cambi\u00f2 radicalmente la storia nella nostra citt\u00e0, convinto della necessit\u00e0 di imprimere un segnale forte e tangibile in ricordo del triste evento del 28 dicembre 1908 che rase al suolo Messina. Ma ad oggi [&hellip;]<\/p>\n","protected":false},"author":15,"featured_media":28259,"comment_status":"open","ping_status":"open","sticky":false,"template":"","format":"standard","meta":{"ub_ctt_via":"","_mi_skip_tracking":false},"categories":[6],"tags":[1526,740,803,2080,9326],"featured_image_src":"https:\/\/www.messinaoggi.it\/website\/wp-content\/uploads\/2019\/01\/terremoto-1908.jpg","author_info":{"display_name":"red.me","author_link":"https:\/\/www.messinaoggi.it\/website\/author\/red-me\/"},"digistream_id":0,"digistream":false,"_links":{"self":[{"href":"https:\/\/www.messinaoggi.it\/website\/wp-json\/wp\/v2\/posts\/182213"}],"collection":[{"href":"https:\/\/www.messinaoggi.it\/website\/wp-json\/wp\/v2\/posts"}],"about":[{"href":"https:\/\/www.messinaoggi.it\/website\/wp-json\/wp\/v2\/types\/post"}],"author":[{"embeddable":true,"href":"https:\/\/www.messinaoggi.it\/website\/wp-json\/wp\/v2\/users\/15"}],"replies":[{"embeddable":true,"href":"https:\/\/www.messinaoggi.it\/website\/wp-json\/wp\/v2\/comments?post=182213"}],"version-history":[{"count":2,"href":"https:\/\/www.messinaoggi.it\/website\/wp-json\/wp\/v2\/posts\/182213\/revisions"}],"predecessor-version":[{"id":182215,"href":"https:\/\/www.messinaoggi.it\/website\/wp-json\/wp\/v2\/posts\/182213\/revisions\/182215"}],"wp:featuredmedia":[{"embeddable":true,"href":"https:\/\/www.messinaoggi.it\/website\/wp-json\/wp\/v2\/media\/28259"}],"wp:attachment":[{"href":"https:\/\/www.messinaoggi.it\/website\/wp-json\/wp\/v2\/media?parent=182213"}],"wp:term":[{"taxonomy":"category","embeddable":true,"href":"https:\/\/www.messinaoggi.it\/website\/wp-json\/wp\/v2\/categories?post=182213"},{"taxonomy":"post_tag","embeddable":true,"href":"https:\/\/www.messinaoggi.it\/website\/wp-json\/wp\/v2\/tags?post=182213"}],"curies":[{"name":"wp","href":"https:\/\/api.w.org\/{rel}","templated":true}]}}