{"id":18202,"date":"2018-04-14T10:54:24","date_gmt":"2018-04-14T08:54:24","guid":{"rendered":"http:\/\/www.messinaoggi.it\/website\/?p=18202"},"modified":"2018-04-14T10:54:24","modified_gmt":"2018-04-14T08:54:24","slug":"il-car-sharing-arriva-a-messina-approvata-la-delibera-che-avviera-il-servizio-sperimentale","status":"publish","type":"post","link":"https:\/\/www.messinaoggi.it\/website\/2018\/04\/14\/il-car-sharing-arriva-a-messina-approvata-la-delibera-che-avviera-il-servizio-sperimentale\/","title":{"rendered":"Il car sharing arriva a Messina: approvata la delibera che avvier\u00e0 il servizio sperimentale"},"content":{"rendered":"<p lang=\"it-IT\"><span style=\"font-family: Arial, sans-serif\">\u00c8 arrivato il car sharing anche a Messina. \u00c8<span style=\"color: #000000\"><span style=\"font-family: arial, helvetica, sans-serif\"><span style=\"font-size: medium\"> stata approvata infatti la delibera proposta dall\u2019assessore alla mobilit\u00e0 Gaetano Cacciola, relativa al protocollo d\u2019intesa tra il Comune di Messina e la societ\u00e0 Piattaforma per l\u2019Innovazione e la Sostenibilit\u00e0 di Trasporti e Ambiente (PISTA) che prevede la collaborazione per l\u2019avvio del Car sharing in citt\u00e0. In questa prima fase iniziale, il servizio sar\u00e0 avviato in via sperimentale e sar\u00e0 rivolto al personale dipendente del Comune di Messina, a circa 600 cittadini scelti in funzione dell\u2019ordine cronologico di registrazione sulla relativa piattaforma web e all\u2019utenza universitaria che verr\u00e0 selezionata con le stesse modalit\u00e0. La flotta iniziale di veicoli sar\u00e0 pari a 10 e verr\u00e0 implementata progressivamente per la durata della sperimentazione fino ad un massimo di 55 veicoli, appositamente identificati con il logo aziendale. Il Comune si impegna, per tutti i veicoli adibiti dalla Societ\u00e0 al servizio ed appositamente identificati con il logo aziendale, ad esentare le stesse dal pagamento della sosta nella ZTL e in alcuni parcheggi.<\/span><\/span><\/span><\/span><div id=\"div-gpt-ad-Messinaoggi.it-DSK-300x250-corpoart\" style=\"text-align:center;margin:0 auto;\"><\/div><\/p>\n<p><span style=\"color: #000000\"><span style=\"font-family: arial, helvetica, sans-serif\"><span style=\"font-size: medium\">Come \u00e8 noto il car sharing \u00e8 un\u00a0servizio\u00a0di mobilit\u00e0 urbana che permette agli utenti di utilizzare un veicolo su prenotazione noleggiandolo per un periodo di tempo breve, nell&#8217;ordine di minuti o ore, e pagando in ragione dell&#8217;utilizzo effettuato.<span lang=\"it-IT\"> Il car sharing proposto dalla societ\u00e0 PISTA \u00e8 di tipo free-floating, quindi non ci sono\u00a0punti di sosta convenzionati e le auto del car sharing &#8211; dopo l&#8217;utilizzo &#8211; possono essere\u00a0parcheggiate per strada, esattamente come si fa con la propria vettura.<\/span><\/span><\/span><\/span><div id=\"videoincontent\" style=\"clear:both\";><\/div><\/p>\n","protected":false},"excerpt":{"rendered":"<p>\u00c8 arrivato il car sharing anche a Messina. \u00c8 stata approvata infatti la delibera proposta dall\u2019assessore alla mobilit\u00e0 Gaetano Cacciola, relativa al protocollo d\u2019intesa tra il Comune di Messina e la societ\u00e0 Piattaforma per l\u2019Innovazione e la Sostenibilit\u00e0 di Trasporti e Ambiente (PISTA) che prevede la collaborazione per l\u2019avvio del Car sharing in citt\u00e0. In [&hellip;]<\/p>\n","protected":false},"author":8,"featured_media":3970,"comment_status":"closed","ping_status":"open","sticky":false,"template":"","format":"standard","meta":{"ub_ctt_via":"","_mi_skip_tracking":false},"categories":[5],"tags":[],"featured_image_src":"https:\/\/www.messinaoggi.it\/website\/wp-content\/uploads\/2017\/07\/car-sharing-2.jpg","author_info":{"display_name":"red..me","author_link":"https:\/\/www.messinaoggi.it\/website\/author\/redstage\/"},"digistream_id":0,"digistream":false,"_links":{"self":[{"href":"https:\/\/www.messinaoggi.it\/website\/wp-json\/wp\/v2\/posts\/18202"}],"collection":[{"href":"https:\/\/www.messinaoggi.it\/website\/wp-json\/wp\/v2\/posts"}],"about":[{"href":"https:\/\/www.messinaoggi.it\/website\/wp-json\/wp\/v2\/types\/post"}],"author":[{"embeddable":true,"href":"https:\/\/www.messinaoggi.it\/website\/wp-json\/wp\/v2\/users\/8"}],"replies":[{"embeddable":true,"href":"https:\/\/www.messinaoggi.it\/website\/wp-json\/wp\/v2\/comments?post=18202"}],"version-history":[{"count":0,"href":"https:\/\/www.messinaoggi.it\/website\/wp-json\/wp\/v2\/posts\/18202\/revisions"}],"wp:featuredmedia":[{"embeddable":true,"href":"https:\/\/www.messinaoggi.it\/website\/wp-json\/wp\/v2\/media\/3970"}],"wp:attachment":[{"href":"https:\/\/www.messinaoggi.it\/website\/wp-json\/wp\/v2\/media?parent=18202"}],"wp:term":[{"taxonomy":"category","embeddable":true,"href":"https:\/\/www.messinaoggi.it\/website\/wp-json\/wp\/v2\/categories?post=18202"},{"taxonomy":"post_tag","embeddable":true,"href":"https:\/\/www.messinaoggi.it\/website\/wp-json\/wp\/v2\/tags?post=18202"}],"curies":[{"name":"wp","href":"https:\/\/api.w.org\/{rel}","templated":true}]}}