{"id":182007,"date":"2023-12-23T13:08:00","date_gmt":"2023-12-23T12:08:00","guid":{"rendered":"https:\/\/www.messinaoggi.it\/website\/2023\/12\/23\/meloni-ai-militari-allestero-grazie-a-nome-dellitalia\/"},"modified":"2023-12-23T13:08:00","modified_gmt":"2023-12-23T12:08:00","slug":"meloni-ai-militari-allestero-grazie-a-nome-dellitalia","status":"publish","type":"post","link":"https:\/\/www.messinaoggi.it\/website\/2023\/12\/23\/meloni-ai-militari-allestero-grazie-a-nome-dellitalia\/","title":{"rendered":"Meloni ai militari all\u2019estero \u201cGrazie a nome dell\u2019Italia\u201d"},"content":{"rendered":"<div>ROMA (ITALPRESS) &#8211; &#8220;Grazie per il vostro lavoro&#8221;. Cos\u00ec il presidente del Consiglio Giorgia Meloni si rivolge ai militari all&#8217;estero nel suo augurio natalizio.<br \/>\n&#8220;Lo scorso anno &#8211; ha continuato Merloni &#8211; ho deciso di dare vita a questa tradizione, per la quale a ridosso di Natale ho scelto di recarmi o provare a recarmi per fare gli auguri a un contingente e l&#8217;ho fatto per una ragione precisa perch\u00e8 il Natale per eccellenza celebra la famiglia, si celebra con la famiglia e tantissimi che lavorano fuori possono tornare a casa, ma ci\u00f2 non accade per molti di voi. I sacrifici che avete scelto di fare celebrano un&#8217;altra famiglia, quella che Giuseppe Mazzini definiva la famiglia del cuore, ovvero la Patria e allora ha un senso che quella famiglia in questa occasione sia da voi per dirvi grazie, che \u00e8 consapevole dei vostri sacrifici e che rappresentate il suo volto migliore&#8221;. &#8220;Correte dei rischi per difendere la sicurezza di persone che non conoscete in una nazione che non \u00e8 la vostra &#8211; continua il Premier &#8211; Non sono scelte che si fanno per interesse personale, i sacrifici che portate avanti non hanno un compenso adeguato, sono scelte che si fanno quando si ritiene che ci sia qualcosa di pi\u00f9 importante di ci\u00f2 che \u00e8 importante per noi stessi. Questa si chiama coscienza. Vi porto il grazie a nome di ogni singolo italiano, dell&#8217;intera nazione.<br \/>\nLavoriamo tutti per lo stesso straordinario puzzle che si chiama Italia. Auguri di un buon Natale, sereno e di un 2024 che sia un anno di orgoglio per la nostra nazione&#8221;.<div id=\"div-gpt-ad-Messinaoggi.it-DSK-300x250-corpoart\" style=\"text-align:center;margin:0 auto;\"><\/div><\/p>\n<p>&#8211; Foto: da video Palazzo Chigi &#8211;<br \/>\n(ITALPRESS).<div id=\"videoincontent\" style=\"clear:both\";><\/div><\/p><\/div>\n","protected":false},"excerpt":{"rendered":"<p>ROMA (ITALPRESS) &#8211; &#8220;Grazie per il vostro lavoro&#8221;. Cos\u00ec il presidente del Consiglio Giorgia Meloni si rivolge ai militari all&#8217;estero nel suo augurio natalizio. &#8220;Lo scorso anno &#8211; ha continuato Merloni &#8211; ho deciso di dare vita a questa tradizione, per la quale a ridosso di Natale ho scelto di recarmi o provare a recarmi [&hellip;]<\/p>\n","protected":false},"author":18,"featured_media":182008,"comment_status":"closed","ping_status":"closed","sticky":false,"template":"","format":"standard","meta":{"ub_ctt_via":"","_mi_skip_tracking":false},"categories":[446],"tags":[783],"featured_image_src":"https:\/\/www.messinaoggi.it\/website\/wp-content\/uploads\/2023\/12\/20231223_0751.jpg","author_info":{"display_name":"Admin","author_link":"https:\/\/www.messinaoggi.it\/website\/author\/admin\/"},"digistream_id":0,"digistream":false,"_links":{"self":[{"href":"https:\/\/www.messinaoggi.it\/website\/wp-json\/wp\/v2\/posts\/182007"}],"collection":[{"href":"https:\/\/www.messinaoggi.it\/website\/wp-json\/wp\/v2\/posts"}],"about":[{"href":"https:\/\/www.messinaoggi.it\/website\/wp-json\/wp\/v2\/types\/post"}],"author":[{"embeddable":true,"href":"https:\/\/www.messinaoggi.it\/website\/wp-json\/wp\/v2\/users\/18"}],"replies":[{"embeddable":true,"href":"https:\/\/www.messinaoggi.it\/website\/wp-json\/wp\/v2\/comments?post=182007"}],"version-history":[{"count":0,"href":"https:\/\/www.messinaoggi.it\/website\/wp-json\/wp\/v2\/posts\/182007\/revisions"}],"wp:featuredmedia":[{"embeddable":true,"href":"https:\/\/www.messinaoggi.it\/website\/wp-json\/wp\/v2\/media\/182008"}],"wp:attachment":[{"href":"https:\/\/www.messinaoggi.it\/website\/wp-json\/wp\/v2\/media?parent=182007"}],"wp:term":[{"taxonomy":"category","embeddable":true,"href":"https:\/\/www.messinaoggi.it\/website\/wp-json\/wp\/v2\/categories?post=182007"},{"taxonomy":"post_tag","embeddable":true,"href":"https:\/\/www.messinaoggi.it\/website\/wp-json\/wp\/v2\/tags?post=182007"}],"curies":[{"name":"wp","href":"https:\/\/api.w.org\/{rel}","templated":true}]}}