{"id":18196,"date":"2018-04-13T22:42:31","date_gmt":"2018-04-13T20:42:31","guid":{"rendered":"http:\/\/www.messinaoggi.it\/website\/?p=18196"},"modified":"2018-04-13T22:42:31","modified_gmt":"2018-04-13T20:42:31","slug":"violenza-in-corsa-fsi-usae-infermieri-lavorano-nel-terrore","status":"publish","type":"post","link":"https:\/\/www.messinaoggi.it\/website\/2018\/04\/13\/violenza-in-corsa-fsi-usae-infermieri-lavorano-nel-terrore\/","title":{"rendered":"Violenze in corsa, Fsi Usae: Si lavora nel terrore"},"content":{"rendered":"<p>Nonostante l&#8217;impegno assunto\u00a0dal presidente Musumeci continuano le aggressioni negli ospedali siciliani. Si aggiunge un altro caso, ancora una volta al &#8216;Civico&#8217; di Palermo.<br \/>\nLa Fsi-Usae Federazione sindacati indipendenti costituente della Confederazione Unione sindacati autonomi europei, esprime solidariet\u00e0 agli operatori sanitari vittime di quest&#8217;altro triste episodio e chiede attenzione.<br \/>\n&#8220;Non si pu\u00f2 pi\u00f9 rinviare la soluzione a questa emergenza di violenza che sta destabilizzando tutta la sanit\u00e0 siciliana &#8211; dichiara Calogero Coniglio, segretario regionale della Fsi-Usae &#8211; Il personale infermieristico, tecnico, medico, ausiliario e di supporto non vuole pi\u00f9 lavorare nei pronto soccorsi siciliani e chiede di esser trasferito in altri reparti o, nel peggiore dei casi, preferisce mettersi in malattia rimanendo in casa e non rischiando cos\u00ec anche la vita. Ormai c&#8217;\u00e8 il terrore negli ospedali siciliani.<br \/>\nChiediamo urgentemente un incontro al presidente Musumeci, visto che per mettere fine a questa criminalit\u00e0 non sono bastate le nostre denunce a prefetture e questure, le interrogazioni parlamentari presentate, le rassicurazioni, la solidariet\u00e0 e le varie promesse ricevute&#8221;.<div id=\"div-gpt-ad-Messinaoggi.it-DSK-300x250-corpoart\" style=\"text-align:center;margin:0 auto;\"><\/div><\/p>\n<div id=\"videoincontent\" style=\"clear:both\";><\/div>","protected":false},"excerpt":{"rendered":"<p>Nonostante l&#8217;impegno assunto\u00a0dal presidente Musumeci continuano le aggressioni negli ospedali siciliani. Si aggiunge un altro caso, ancora una volta al &#8216;Civico&#8217; di Palermo. La Fsi-Usae Federazione sindacati indipendenti costituente della Confederazione Unione sindacati autonomi europei, esprime solidariet\u00e0 agli operatori sanitari vittime di quest&#8217;altro triste episodio e chiede attenzione. &#8220;Non si pu\u00f2 pi\u00f9 rinviare la soluzione [&hellip;]<\/p>\n","protected":false},"author":4,"featured_media":2875,"comment_status":"closed","ping_status":"open","sticky":false,"template":"","format":"standard","meta":{"ub_ctt_via":"","_mi_skip_tracking":false},"categories":[11],"tags":[],"featured_image_src":"https:\/\/www.messinaoggi.it\/website\/wp-content\/uploads\/2017\/06\/sanita-2.jpg","author_info":{"display_name":"redme","author_link":"https:\/\/www.messinaoggi.it\/website\/author\/redme\/"},"digistream_id":0,"digistream":false,"_links":{"self":[{"href":"https:\/\/www.messinaoggi.it\/website\/wp-json\/wp\/v2\/posts\/18196"}],"collection":[{"href":"https:\/\/www.messinaoggi.it\/website\/wp-json\/wp\/v2\/posts"}],"about":[{"href":"https:\/\/www.messinaoggi.it\/website\/wp-json\/wp\/v2\/types\/post"}],"author":[{"embeddable":true,"href":"https:\/\/www.messinaoggi.it\/website\/wp-json\/wp\/v2\/users\/4"}],"replies":[{"embeddable":true,"href":"https:\/\/www.messinaoggi.it\/website\/wp-json\/wp\/v2\/comments?post=18196"}],"version-history":[{"count":0,"href":"https:\/\/www.messinaoggi.it\/website\/wp-json\/wp\/v2\/posts\/18196\/revisions"}],"wp:featuredmedia":[{"embeddable":true,"href":"https:\/\/www.messinaoggi.it\/website\/wp-json\/wp\/v2\/media\/2875"}],"wp:attachment":[{"href":"https:\/\/www.messinaoggi.it\/website\/wp-json\/wp\/v2\/media?parent=18196"}],"wp:term":[{"taxonomy":"category","embeddable":true,"href":"https:\/\/www.messinaoggi.it\/website\/wp-json\/wp\/v2\/categories?post=18196"},{"taxonomy":"post_tag","embeddable":true,"href":"https:\/\/www.messinaoggi.it\/website\/wp-json\/wp\/v2\/tags?post=18196"}],"curies":[{"name":"wp","href":"https:\/\/api.w.org\/{rel}","templated":true}]}}