{"id":181958,"date":"2023-12-23T09:08:00","date_gmt":"2023-12-23T08:08:00","guid":{"rendered":"https:\/\/www.messinaoggi.it\/website\/2023\/12\/23\/mes-gentiloni-parlamento-e-sovrano-ma-i-trattati-si-rispettano\/"},"modified":"2023-12-23T09:08:00","modified_gmt":"2023-12-23T08:08:00","slug":"mes-gentiloni-parlamento-e-sovrano-ma-i-trattati-si-rispettano","status":"publish","type":"post","link":"https:\/\/www.messinaoggi.it\/website\/2023\/12\/23\/mes-gentiloni-parlamento-e-sovrano-ma-i-trattati-si-rispettano\/","title":{"rendered":"Mes, Gentiloni \u201cParlamento \u00e8 sovrano ma i trattati si rispettano\u201d"},"content":{"rendered":"<div>ROMA (ITALPRESS) &#8211; Il compromesso sul patto di Stabilit\u00e0 non \u00e8 l&#8217;ideale ma \u00e8 un passo avanti&#8221; E&#8217; il pensiero del commissario Ue Paolo Gentiloni in una intervista al Corriere della Sera. <br \/>&#8220;Condivido il rammarico delle istituzioni dell&#8217;area euro &#8211; afferma &#8211; Certo il Parlamento \u00e8 sovrano, ma \u00e8 consuetudine che gli accordi sui trattati internazionali contratti dai governi vengano rispettati. Tutti gli altri Paesi l&#8217;hanno fatto. I legami tra Mes e patto di Stabilit\u00e0 ci possono essere nel dibattito italiano e nelle dinamiche politiche o parlamentari. Ma a Bruxelles non li ho visti. Il compromesso trovato non \u00e8 il mio ideale, ma resta un passo avanti. E&#8217; certamente diverso dalla proposta originaria della Commissione. Ma penso che l&#8217;Italia abbia fatto bene a sostenerlo: tornare alle vecchie regole sarebbe stata una sconfitta per l&#8217;Unione europea e per l&#8217;Italia\u00bb.<br \/>&#8220;Non \u00e8 stata una passeggiata mettere sul tavolo la proposta della Commissione, anche noi abbiamo al nostro interno sensibilit\u00e0 culturali e nazionali diverse. Ma quella proposta \u00e8 buona e la rivendico. Non c&#8217;\u00e8 dubbio che ora sia stata appesantita da troppi parametri, vincoli numerici ottenuti dalla Germania &#8211; prisegue Gentiloni che sul ruolo svolto da Berlino dice: &#8220;Non sta a me valutarlo. La Germania ha giocato in modo chiaro, in una prima fase rifiutando la proposta della Commissione in s\u00e8 ma poi accettando di negoziare, anche in modo molto esigente. L&#8217;aggiungersi di vincoli, parametri, controlli, che \u00e8 anche il riflesso di una mancanza di fiducia tra i Paesi e verso la Commissione, ha modificato la nostra proposta. Ma anche questo sovraccarico non cancella la parte pi\u00f9 innovativa del nuovo Patto. Molto dipender\u00e0 dall&#8217;attuazione\u00bb.<br \/>\u00abLa sfida \u00e8 avere regole comuni senza tornare all&#8217;austerity. Credo sia praticabile. Il rallentamento dell&#8217;inflazione e l&#8217;effetto dei Pnrr si faranno sentire in positivo. Certo che l&#8217;economia tedesca non stia crescendo non \u00e8 una buona notizia. La Commissione europea rispetta le decisioni della Corte costituzionale tedesca, ma il fatto che la maggiore economia europea non cresca pu\u00f2 avere conseguenze negative per molti Paesi, tra cui l&#8217;Italia. C&#8217;\u00e8 una contraddizione fra l&#8217;esigenza di investire in ambiente, innovazione, riforme sociali e le regole che la Germania si \u00e8 data sul &#8220;freno al debito&#8221;. Ma questa questione riguarda la Germania e non certo la Commissione\u00bb.<div id=\"div-gpt-ad-Messinaoggi.it-DSK-300x250-corpoart\" style=\"text-align:center;margin:0 auto;\"><\/div><\/p>\n<p>&#8211; Foto: Agenzia Fotogramma &#8211; <div id=\"videoincontent\" style=\"clear:both\";><\/div><\/p>\n<p>(ITALPRESS).<\/p><\/div>\n","protected":false},"excerpt":{"rendered":"<p>ROMA (ITALPRESS) &#8211; Il compromesso sul patto di Stabilit\u00e0 non \u00e8 l&#8217;ideale ma \u00e8 un passo avanti&#8221; E&#8217; il pensiero del commissario Ue Paolo Gentiloni in una intervista al Corriere della Sera. &#8220;Condivido il rammarico delle istituzioni dell&#8217;area euro &#8211; afferma &#8211; Certo il Parlamento \u00e8 sovrano, ma \u00e8 consuetudine che gli accordi sui trattati [&hellip;]<\/p>\n","protected":false},"author":18,"featured_media":181959,"comment_status":"closed","ping_status":"closed","sticky":false,"template":"","format":"standard","meta":{"ub_ctt_via":"","_mi_skip_tracking":false},"categories":[446],"tags":[783],"featured_image_src":"https:\/\/www.messinaoggi.it\/website\/wp-content\/uploads\/2023\/12\/20231223_0063.jpg","author_info":{"display_name":"Admin","author_link":"https:\/\/www.messinaoggi.it\/website\/author\/admin\/"},"digistream_id":0,"digistream":false,"_links":{"self":[{"href":"https:\/\/www.messinaoggi.it\/website\/wp-json\/wp\/v2\/posts\/181958"}],"collection":[{"href":"https:\/\/www.messinaoggi.it\/website\/wp-json\/wp\/v2\/posts"}],"about":[{"href":"https:\/\/www.messinaoggi.it\/website\/wp-json\/wp\/v2\/types\/post"}],"author":[{"embeddable":true,"href":"https:\/\/www.messinaoggi.it\/website\/wp-json\/wp\/v2\/users\/18"}],"replies":[{"embeddable":true,"href":"https:\/\/www.messinaoggi.it\/website\/wp-json\/wp\/v2\/comments?post=181958"}],"version-history":[{"count":0,"href":"https:\/\/www.messinaoggi.it\/website\/wp-json\/wp\/v2\/posts\/181958\/revisions"}],"wp:featuredmedia":[{"embeddable":true,"href":"https:\/\/www.messinaoggi.it\/website\/wp-json\/wp\/v2\/media\/181959"}],"wp:attachment":[{"href":"https:\/\/www.messinaoggi.it\/website\/wp-json\/wp\/v2\/media?parent=181958"}],"wp:term":[{"taxonomy":"category","embeddable":true,"href":"https:\/\/www.messinaoggi.it\/website\/wp-json\/wp\/v2\/categories?post=181958"},{"taxonomy":"post_tag","embeddable":true,"href":"https:\/\/www.messinaoggi.it\/website\/wp-json\/wp\/v2\/tags?post=181958"}],"curies":[{"name":"wp","href":"https:\/\/api.w.org\/{rel}","templated":true}]}}