{"id":181951,"date":"2023-12-22T23:08:07","date_gmt":"2023-12-22T22:08:07","guid":{"rendered":"https:\/\/www.messinaoggi.it\/website\/2023\/12\/22\/la-salernitana-frena-il-milan-2-2-allarechi\/"},"modified":"2023-12-22T23:08:07","modified_gmt":"2023-12-22T22:08:07","slug":"la-salernitana-frena-il-milan-2-2-allarechi","status":"publish","type":"post","link":"https:\/\/www.messinaoggi.it\/website\/2023\/12\/22\/la-salernitana-frena-il-milan-2-2-allarechi\/","title":{"rendered":"La Salernitana frena il Milan, 2-2 all\u2019Arechi"},"content":{"rendered":"<div>SALERNO (ITALPRESS) &#8211; Finisce 2-2 il match dell&#8217;Arechi tra Salernitana e Milan: i rossoneri si salvano nel finale grazie a Jovic. Mezzo passo falso per la squadra di Stefano Pioli, nella prima di Ibra da consulente, adesso a quota 33 in classifica, a -8 dall&#8217;Inter, che gioca domani. Buon pari (anche se amaro per come maturato), invece, per i granata, che hanno riabbracciato in settimana Walter Sabatini e che sono tornati a far punti dopo tre sconfitte consecutive.<br \/>\nDopo il sonoro ko di Bergamo, Filippo Inzaghi (grande ex di turno) ha deciso di schierare una difesa a quattro, confermato invece l&#8217;attacco formato da Candreva e Tchaouna, alle spalle di Dia. Modulo offensivo per Stefano Pioli con Pulisic, Giroud e Leao a comporre il solito tridente: proprio da un&#8217;azione personale del portoghese \u00e8 nato il vantaggio dei rossoneri al 17&#8242;, il numero 10 ha messo in mezzo all&#8217;area piccola un pallone perfetto per Giroud, il rimpallo ha favorito Tomori che di testa ha superato Costil. La squadra di Inzaghi ha reagito, al 42&#8242; \u00e8 arrivata la svolta del match: prima Kastanos ha impegnato Maignan, sul corner successivo Fazio \u00e8 riuscito a pareggiare i conti con un colpo di testa stavolta imprendibile per l&#8217;estremo difensore francese.<br \/>\nIl pari agguantato poco prima del duplice fischio ha dato coraggio a una Salernitana parecchio pimpante nella ripresa. La gara \u00e8 cambiata nuovamente al 18&#8242; quando Candreva, calciando dalla distanza e da posizione defilata, ha beffato sul primo palo Maignan (chiaro l&#8217;errore del portiere rossonero): nella stessa azione Pioli ha perso anche Tomori per un problema ai flessori. La seconda rete \u00e8 stata una doccia fredda per Giroud e compagni, i granata hanno invece chiuso a doppia mandata la difesa cercando di sfruttare il momento negativo degli ospiti: al 22&#8242; Mazzocchi ha sfiorato il tris con un tiro di prima intenzione dal limite. I padroni di casa hanno avuto il demerito di non chiudere il match, l&#8217;ingresso di Jovic ha cambiato nuovamente l&#8217;inerzia della gara: l&#8217;ex Fiorentina ha fallito il pareggio (doppio intervento di Costil), poi al 45&#8242; si \u00e8 girato coi tempi giusti trovando il 2-2. Nel prossimo turno il Milan ospiter\u00e0 il Sassuolo; mentre la gara col Verona assumer\u00e0 un altro contorno per gli uomini di Filippo Inzaghi.<br \/>\n&#8211; foto LivePhotoSport &#8211;<br \/>\n(ITALPRESS).<\/div>\n<div id=\"div-gpt-ad-Messinaoggi.it-DSK-300x250-corpoart\" style=\"text-align:center;margin:0 auto;\"><\/div><\/p><div id=\"videoincontent\" style=\"clear:both\";><\/div>","protected":false},"excerpt":{"rendered":"<p>SALERNO (ITALPRESS) &#8211; Finisce 2-2 il match dell&#8217;Arechi tra Salernitana e Milan: i rossoneri si salvano nel finale grazie a Jovic. Mezzo passo falso per la squadra di Stefano Pioli, nella prima di Ibra da consulente, adesso a quota 33 in classifica, a -8 dall&#8217;Inter, che gioca domani. Buon pari (anche se amaro per come [&hellip;]<\/p>\n","protected":false},"author":18,"featured_media":181952,"comment_status":"closed","ping_status":"closed","sticky":false,"template":"","format":"standard","meta":{"ub_ctt_via":"","_mi_skip_tracking":false},"categories":[446],"tags":[783],"featured_image_src":"https:\/\/www.messinaoggi.it\/website\/wp-content\/uploads\/2023\/12\/20231222_2338.jpg","author_info":{"display_name":"Admin","author_link":"https:\/\/www.messinaoggi.it\/website\/author\/admin\/"},"digistream_id":0,"digistream":false,"_links":{"self":[{"href":"https:\/\/www.messinaoggi.it\/website\/wp-json\/wp\/v2\/posts\/181951"}],"collection":[{"href":"https:\/\/www.messinaoggi.it\/website\/wp-json\/wp\/v2\/posts"}],"about":[{"href":"https:\/\/www.messinaoggi.it\/website\/wp-json\/wp\/v2\/types\/post"}],"author":[{"embeddable":true,"href":"https:\/\/www.messinaoggi.it\/website\/wp-json\/wp\/v2\/users\/18"}],"replies":[{"embeddable":true,"href":"https:\/\/www.messinaoggi.it\/website\/wp-json\/wp\/v2\/comments?post=181951"}],"version-history":[{"count":0,"href":"https:\/\/www.messinaoggi.it\/website\/wp-json\/wp\/v2\/posts\/181951\/revisions"}],"wp:featuredmedia":[{"embeddable":true,"href":"https:\/\/www.messinaoggi.it\/website\/wp-json\/wp\/v2\/media\/181952"}],"wp:attachment":[{"href":"https:\/\/www.messinaoggi.it\/website\/wp-json\/wp\/v2\/media?parent=181951"}],"wp:term":[{"taxonomy":"category","embeddable":true,"href":"https:\/\/www.messinaoggi.it\/website\/wp-json\/wp\/v2\/categories?post=181951"},{"taxonomy":"post_tag","embeddable":true,"href":"https:\/\/www.messinaoggi.it\/website\/wp-json\/wp\/v2\/tags?post=181951"}],"curies":[{"name":"wp","href":"https:\/\/api.w.org\/{rel}","templated":true}]}}