{"id":18186,"date":"2018-04-13T15:39:11","date_gmt":"2018-04-13T13:39:11","guid":{"rendered":"http:\/\/www.messinaoggi.it\/website\/?p=18186"},"modified":"2018-04-13T15:39:11","modified_gmt":"2018-04-13T13:39:11","slug":"fondo-sacca-ce-chi-ha-le-zecche-in-casa-pino-nessuna-strumentalizzazione","status":"publish","type":"post","link":"https:\/\/www.messinaoggi.it\/website\/2018\/04\/13\/fondo-sacca-ce-chi-ha-le-zecche-in-casa-pino-nessuna-strumentalizzazione\/","title":{"rendered":"Fondo Sacc\u00e0, c&#039;\u00e8 chi ha le zecche in casa. Pino: &quot;Nessuna strumentalizzazione&quot;"},"content":{"rendered":"<p style=\"text-align: justify\">Il progetto Capacity \u00e8 una delle armi usate dall\u2019amministrazione Accorinti sull\u2019annosa questione del risanamento. Una delle aree che maggiormente necessit\u00e0 di interventi \u00e8 quella di Fondo Sacc\u00e0, verso cui molto si \u00e8 parlato nell\u2019arco di questi anni. 2,3 milioni stanziati per permettere agli abitanti di una delle zone pi\u00f9 disagiate della citt\u00e0, di poter acquistare una casa e poter finalmente iniziare uno stile di vita migliore. Serve per\u00f2 pazienza, le graduatorie e la burocrazia devono avere il loro tempo.<div id=\"div-gpt-ad-Messinaoggi.it-DSK-300x250-corpoart\" style=\"text-align:center;margin:0 auto;\"><\/div><\/p>\n<p style=\"text-align: justify\">Il degrado per\u00f2 rimane e a pagarne le conseguente sono chi continua a vivere in condizioni a dir poco precarie. Come il caso della famiglia che ieri \u00e8 stata ascoltata dalla presidente del Consiglio Comunale, Emilia Barrile e oggi si \u00e8 recata dall\u2019assessore al risanamento, Sebastiano Pino, denunciando un\u2019autentica invasione di zecche e parassiti all\u2019interno dell\u2019abitazione. Evidenti i morsi nelle mani mostrati da una delle figlie, uno scenario di profondo disagio ma soprattutto di pericolo per le condizioni igienico-sanitarie di chi \u00e8 costretto ad affrontarle quotidianamente insieme ai propri cinque figli. La famiglia denuncia da tempo l\u2019abbandono da parte delle istituzioni, secondo loro a Palazzo Zanca c\u2019\u00e8 chi era a conoscenza della situazione ma non \u00e8 intervenuto.<div id=\"videoincontent\" style=\"clear:both\";><\/div><\/p>\n<p style=\"text-align: justify\">L\u2019assessore Pino spiega: <em>\u201cLa famiglia in questione \u00e8 in graduatoria, quindi presto avr\u00e0 la casa. Abbiamo attivato l\u2019assistenza sociale, il dirigente Signorelli ha gi\u00e0 incaricato una squadra che dovr\u00e0 eseguire gli interventi di disinfestazione, infine il dipartimento Servizi Sociali si \u00e8 mosso affinch\u00e8 questi cittadini abbiano tutto il sostegno necessario. Si tratta di pazientare ancora pochi mesi, stiamo parlando di un\u2019area che versa in uno stato di degrado ormai da decenni. Ritengo che i cittadini, anzi, debbano apprezzare l\u2019impegno di un\u2019amministrazione che sta finalmente apprezzando queste problematiche e se non lo so si fa vuol dire allora che siamo davanti ad alcune strumentalizzazioni\u201d.<\/em><\/p>\n","protected":false},"excerpt":{"rendered":"<p>Il progetto Capacity \u00e8 una delle armi usate dall\u2019amministrazione Accorinti sull\u2019annosa questione del risanamento. Una delle aree che maggiormente necessit\u00e0 di interventi \u00e8 quella di Fondo Sacc\u00e0, verso cui molto si \u00e8 parlato nell\u2019arco di questi anni. 2,3 milioni stanziati per permettere agli abitanti di una delle zone pi\u00f9 disagiate della citt\u00e0, di poter acquistare [&hellip;]<\/p>\n","protected":false},"author":14,"featured_media":1681,"comment_status":"closed","ping_status":"open","sticky":false,"template":"","format":"standard","meta":{"ub_ctt_via":"","_mi_skip_tracking":false},"categories":[6],"tags":[],"featured_image_src":"https:\/\/www.messinaoggi.it\/website\/wp-content\/uploads\/2017\/06\/ass.-Pino-1-2.jpg","author_info":{"display_name":"Antonio Macauda","author_link":"https:\/\/www.messinaoggi.it\/website\/author\/a-macauda\/"},"digistream_id":0,"digistream":false,"_links":{"self":[{"href":"https:\/\/www.messinaoggi.it\/website\/wp-json\/wp\/v2\/posts\/18186"}],"collection":[{"href":"https:\/\/www.messinaoggi.it\/website\/wp-json\/wp\/v2\/posts"}],"about":[{"href":"https:\/\/www.messinaoggi.it\/website\/wp-json\/wp\/v2\/types\/post"}],"author":[{"embeddable":true,"href":"https:\/\/www.messinaoggi.it\/website\/wp-json\/wp\/v2\/users\/14"}],"replies":[{"embeddable":true,"href":"https:\/\/www.messinaoggi.it\/website\/wp-json\/wp\/v2\/comments?post=18186"}],"version-history":[{"count":0,"href":"https:\/\/www.messinaoggi.it\/website\/wp-json\/wp\/v2\/posts\/18186\/revisions"}],"wp:featuredmedia":[{"embeddable":true,"href":"https:\/\/www.messinaoggi.it\/website\/wp-json\/wp\/v2\/media\/1681"}],"wp:attachment":[{"href":"https:\/\/www.messinaoggi.it\/website\/wp-json\/wp\/v2\/media?parent=18186"}],"wp:term":[{"taxonomy":"category","embeddable":true,"href":"https:\/\/www.messinaoggi.it\/website\/wp-json\/wp\/v2\/categories?post=18186"},{"taxonomy":"post_tag","embeddable":true,"href":"https:\/\/www.messinaoggi.it\/website\/wp-json\/wp\/v2\/tags?post=18186"}],"curies":[{"name":"wp","href":"https:\/\/api.w.org\/{rel}","templated":true}]}}