{"id":181852,"date":"2023-12-22T16:08:08","date_gmt":"2023-12-22T15:08:08","guid":{"rendered":"https:\/\/www.messinaoggi.it\/website\/2023\/12\/22\/vela-ettorre-stagione-importante-alle-olimpiadi-con-obiettivi-alti\/"},"modified":"2023-12-22T16:08:08","modified_gmt":"2023-12-22T15:08:08","slug":"vela-ettorre-stagione-importante-alle-olimpiadi-con-obiettivi-alti","status":"publish","type":"post","link":"https:\/\/www.messinaoggi.it\/website\/2023\/12\/22\/vela-ettorre-stagione-importante-alle-olimpiadi-con-obiettivi-alti\/","title":{"rendered":"Vela, Ettorre \u201cStagione importante, alle Olimpiadi con obiettivi alti\u201d"},"content":{"rendered":"<div>ROMA (ITALPRESS) &#8211; &#8220;Il 2023 \u00e8 stato molto positivo, era l&#8217;anno che vedeva la qualifica olimpica che abbiamo fatto in Olanda ad agosto. E&#8217; stata una stagione importante, abbiamo gi\u00e0 otto carte olimpiche al primo giro, quindi questo vuol dire gi\u00e0 superare quello che \u00e8 stato fatto a Tokyo&#8221;. Il presidente della Federazione Italiana Vela, Francesco Ettorre promuove i risultati raggiunti dal movimento azzurro. Anche quelli a livello giovanile visto che l&#8217;Italia \u00e8 tornata dagli Youth Sailing World Championships con sei medaglie: &#8220;E&#8217; stata una trasferta importante &#8211; dice il numero 1 FIV in un&#8217;intervista all&#8217;Italpress -, sia dal punto di vista dei risultati individuali, sia per il Nations Trophy che \u00e8 il trofeo pi\u00f9 ambito per nazioni e che \u00e8 stato conquistato con grande distacco sulle concorrenti, Francia e Spagna. Il bilancio \u00e8 positivo, non solo per questo finale di stagione che vedeva nel Mondiale l&#8217;elemento pi\u00f9 importante, ma anche per i nostri atleti giovanili che hanno primeggiato in quasi tutte le associazioni di classe&#8221;. C&#8217;\u00e8 ottimismo in vista dei Giochi Olimpici di Parigi 2024: &#8220;Gli obiettivi sono alti, perch\u00e8 i risultati degli atleti in questi due anni ci danno le speranze di poter far bene &#8211; spiega Ettorre -. Cerchiamo una conferma su quel che c&#8217;\u00e8 stato di molto positivo a Tokyo. La squadra \u00e8 molto giovane e questo ci d\u00e0 modo di pensare che pu\u00f2 essere un ciclo che si apre, dopo Parigi, anche per Los Angeles. Da buoni marinai e sportivi siamo scaramantici e vogliamo guardare alla realt\u00e0 e ai risultati. Questi ci dicono che la squadra pu\u00f2 fare buonissime prestazioni&#8221;. Obiettivi chiari anche per il futuro della vela paralimpica, esclusa dal programma di Parigi 2024: &#8220;Abbiamo messo il mondo para sailing al centro di un progetto che si chiama para sailing academy. Vogliamo far comprendere che lo sport della vela pu\u00f2 essere praticato anche da portatori di disabilit\u00e0 &#8211; aggiunge Ettorre -. Speriamo che la para sailing possa rientrare come movimento all&#8217;interno delle Paralimpiadi, perch\u00e8 \u00e8 un&#8217;opportunit\u00e0 fondamentale per gli atleti&#8221;.<br \/>&#8211; foto Italpress &#8211;<br \/>(ITALPRESS).<\/div>\n<div id=\"div-gpt-ad-Messinaoggi.it-DSK-300x250-corpoart\" style=\"text-align:center;margin:0 auto;\"><\/div><\/p><div id=\"videoincontent\" style=\"clear:both\";><\/div>","protected":false},"excerpt":{"rendered":"<p>ROMA (ITALPRESS) &#8211; &#8220;Il 2023 \u00e8 stato molto positivo, era l&#8217;anno che vedeva la qualifica olimpica che abbiamo fatto in Olanda ad agosto. E&#8217; stata una stagione importante, abbiamo gi\u00e0 otto carte olimpiche al primo giro, quindi questo vuol dire gi\u00e0 superare quello che \u00e8 stato fatto a Tokyo&#8221;. Il presidente della Federazione Italiana Vela, [&hellip;]<\/p>\n","protected":false},"author":18,"featured_media":0,"comment_status":"closed","ping_status":"closed","sticky":false,"template":"","format":"standard","meta":{"ub_ctt_via":"","_mi_skip_tracking":false},"categories":[446],"tags":[783],"featured_image_src":null,"author_info":{"display_name":"Admin","author_link":"https:\/\/www.messinaoggi.it\/website\/author\/admin\/"},"digistream_id":0,"digistream":false,"_links":{"self":[{"href":"https:\/\/www.messinaoggi.it\/website\/wp-json\/wp\/v2\/posts\/181852"}],"collection":[{"href":"https:\/\/www.messinaoggi.it\/website\/wp-json\/wp\/v2\/posts"}],"about":[{"href":"https:\/\/www.messinaoggi.it\/website\/wp-json\/wp\/v2\/types\/post"}],"author":[{"embeddable":true,"href":"https:\/\/www.messinaoggi.it\/website\/wp-json\/wp\/v2\/users\/18"}],"replies":[{"embeddable":true,"href":"https:\/\/www.messinaoggi.it\/website\/wp-json\/wp\/v2\/comments?post=181852"}],"version-history":[{"count":0,"href":"https:\/\/www.messinaoggi.it\/website\/wp-json\/wp\/v2\/posts\/181852\/revisions"}],"wp:attachment":[{"href":"https:\/\/www.messinaoggi.it\/website\/wp-json\/wp\/v2\/media?parent=181852"}],"wp:term":[{"taxonomy":"category","embeddable":true,"href":"https:\/\/www.messinaoggi.it\/website\/wp-json\/wp\/v2\/categories?post=181852"},{"taxonomy":"post_tag","embeddable":true,"href":"https:\/\/www.messinaoggi.it\/website\/wp-json\/wp\/v2\/tags?post=181852"}],"curies":[{"name":"wp","href":"https:\/\/api.w.org\/{rel}","templated":true}]}}