{"id":18184,"date":"2018-04-13T11:59:02","date_gmt":"2018-04-13T09:59:02","guid":{"rendered":"http:\/\/www.messinaoggi.it\/website\/?p=18184"},"modified":"2018-04-13T11:59:02","modified_gmt":"2018-04-13T09:59:02","slug":"piano-rifiuti-della-regione-no-ai-termovalorizzatori-differenziata-a-regime-nel-2023","status":"publish","type":"post","link":"https:\/\/www.messinaoggi.it\/website\/2018\/04\/13\/piano-rifiuti-della-regione-no-ai-termovalorizzatori-differenziata-a-regime-nel-2023\/","title":{"rendered":"Piano rifiuti della Regione: no ai termovalorizzatori, differenziata a regime nel 2023"},"content":{"rendered":"<p>Niente termovalorizzatori e differenziata a regime nel 2023, quando si prevede di raggiungere il 65% di raccolta. E&#8217; la scelta di fondo contenuta nel Piano rifiuti della Regione, redatto dal nuovo assessore Alberto Pierobon e approvato la scorsa settimana dalla Giunta presieduta da Nello Musumeci.<br \/>\nIl Piano, l&#8217;atto che mancava per sbloccare i 170 milioni di fondi comunitari fermi a Bruxelles, prevede anche la revisione delle tariffe per il conferimento in discarica con l&#8217;obiettivo di giungere ad una riduzione della Tari.<br \/>\nLa prima verifica sul fronte della differenziata \u00e8 per il 2019 quando la raccolta dovr\u00e0 raggiungere il 35%, 20 punti percentuali in pi\u00f9 rispetto ad oggi. Pianificato l&#8217;aumento di impianti di compostaggio (attualmente sono 8 quelli in funzione, su 18 esistenti) e una discarica pubblica per ogni provincia: 4 delle 10 per ora in funzione esauriranno la loro capienza entro l&#8217;anno. Previsto, nel caso dovesse servire, il trasporto fuori dalla Sicilia al massimo di 60mila tonnellate al mese.<div id=\"div-gpt-ad-Messinaoggi.it-DSK-300x250-corpoart\" style=\"text-align:center;margin:0 auto;\"><\/div><\/p>\n<div id=\"videoincontent\" style=\"clear:both\";><\/div>","protected":false},"excerpt":{"rendered":"<p>Niente termovalorizzatori e differenziata a regime nel 2023, quando si prevede di raggiungere il 65% di raccolta. E&#8217; la scelta di fondo contenuta nel Piano rifiuti della Regione, redatto dal nuovo assessore Alberto Pierobon e approvato la scorsa settimana dalla Giunta presieduta da Nello Musumeci. Il Piano, l&#8217;atto che mancava per sbloccare i 170 milioni [&hellip;]<\/p>\n","protected":false},"author":4,"featured_media":7620,"comment_status":"closed","ping_status":"open","sticky":false,"template":"","format":"standard","meta":{"ub_ctt_via":"","_mi_skip_tracking":false},"categories":[11],"tags":[],"featured_image_src":"https:\/\/www.messinaoggi.it\/website\/wp-content\/uploads\/2017\/09\/rifiuti-a-sparta-2.jpg","author_info":{"display_name":"redme","author_link":"https:\/\/www.messinaoggi.it\/website\/author\/redme\/"},"digistream_id":0,"digistream":false,"_links":{"self":[{"href":"https:\/\/www.messinaoggi.it\/website\/wp-json\/wp\/v2\/posts\/18184"}],"collection":[{"href":"https:\/\/www.messinaoggi.it\/website\/wp-json\/wp\/v2\/posts"}],"about":[{"href":"https:\/\/www.messinaoggi.it\/website\/wp-json\/wp\/v2\/types\/post"}],"author":[{"embeddable":true,"href":"https:\/\/www.messinaoggi.it\/website\/wp-json\/wp\/v2\/users\/4"}],"replies":[{"embeddable":true,"href":"https:\/\/www.messinaoggi.it\/website\/wp-json\/wp\/v2\/comments?post=18184"}],"version-history":[{"count":0,"href":"https:\/\/www.messinaoggi.it\/website\/wp-json\/wp\/v2\/posts\/18184\/revisions"}],"wp:featuredmedia":[{"embeddable":true,"href":"https:\/\/www.messinaoggi.it\/website\/wp-json\/wp\/v2\/media\/7620"}],"wp:attachment":[{"href":"https:\/\/www.messinaoggi.it\/website\/wp-json\/wp\/v2\/media?parent=18184"}],"wp:term":[{"taxonomy":"category","embeddable":true,"href":"https:\/\/www.messinaoggi.it\/website\/wp-json\/wp\/v2\/categories?post=18184"},{"taxonomy":"post_tag","embeddable":true,"href":"https:\/\/www.messinaoggi.it\/website\/wp-json\/wp\/v2\/tags?post=18184"}],"curies":[{"name":"wp","href":"https:\/\/api.w.org\/{rel}","templated":true}]}}