{"id":181822,"date":"2023-12-22T14:08:03","date_gmt":"2023-12-22T13:08:03","guid":{"rendered":"https:\/\/www.messinaoggi.it\/website\/2023\/12\/22\/mourinho-napoli-sempre-forte-sono-i-campioni-ditalia\/"},"modified":"2023-12-22T14:08:03","modified_gmt":"2023-12-22T13:08:03","slug":"mourinho-napoli-sempre-forte-sono-i-campioni-ditalia","status":"publish","type":"post","link":"https:\/\/www.messinaoggi.it\/website\/2023\/12\/22\/mourinho-napoli-sempre-forte-sono-i-campioni-ditalia\/","title":{"rendered":"Mourinho \u201cNapoli sempre forte, sono i campioni d\u2019Italia\u201d"},"content":{"rendered":"<div>ROMA (ITALPRESS) &#8211; &#8220;Il Napoli \u00e8 sempre il Napoli. Sono i campioni d&#8217;Italia con merito, hanno vinto in modo chiaro lo scorso anno. Hanno perso Kim, un giocatore importante, ma ne hanno presi tanti, \u00e8 la stessa squadra&#8221;. Cos\u00ec Jos\u00e8 Mourinho alla vigilia della sfida contro i campioni d&#8217;Italia in carica. Il tecnico portoghese, in conferenza stampa, ha poi fatto il punto anche sulla situazione infortuni: &#8220;Kumbulla non sar\u00e0 neanche in panchina, non ancora. Si sta allenando bene ma \u00e8 stanco, oggi non si \u00e8 allenato e non ci sar\u00e0 &#8211; ha dichiarato lo Special One -. Anche Dybala sta proseguendo nel recupero ma non rientrer\u00e0 prima del dovuto. Mancini invece giocher\u00e0, anche se non si \u00e8 allenato tutta la settimana&#8221;.<br \/>Il tecnico portoghese \u00e8 tornato sull&#8217;argomento rinnovo. &#8220;Sicuramente c&#8217;erano dubbi sulla mia posizione. Magari si poteva pensare che nella mia testa ci fossero pensieri contrastanti e che qualche frustrazione potesse crearmi dei ripensamenti. Ma io ho sempre chiarito la mia posizione, ovvero che voglio essere l&#8217;allenatore della Roma. Sono sempre stato onesto e diretto dall&#8217;inizio. Quando ho firmato con la Roma, ho ricevuto un&#8217;ottima offerta una settimana dopo ma ho rifiutato &#8211; ha aggiunto -. L&#8217;anno della Conference ho avuto l&#8217;offerta del Portogallo ma sono rimasto. Dopo la finale di Budapest ho detto no anche all&#8217;Arabia. Mi piacerebbe rimanere e lottare, in tutte le condizioni, non voglio pi\u00f9 parlare di questa situazione&#8221;, conclude Mourinho che poi affronta anche l&#8217;argomento Superlega liquidandolo in poche parole. &#8220;Io sono l&#8217;allenatore della Roma e la posizione della societ\u00e0 \u00e8 la stessa che ho io. Non voglio commentare la vicenda Superlega, la posizione della Roma \u00e8 chiara e io sono il suo allenatore&#8221;. Ieri il club giallorosso ha diramato un comunicato ribadendo il suo netto no alla Superlega &#8220;in rispetto dei valori e del futuro del calcio europeo. Il club non appoggia in nessun modo alcun progetto di cosiddetta Superlega che rappresenterebbe un inaccettabile attacco all&#8217;importanza dei campionati nazionali e alle fondamenta del calcio europeo. La Roma crede che il futuro e il benessere del calcio europeo possano essere assicurati solo con il lavoro congiunto dei club attraverso l&#8217;Eca, in stretta collaborazione e in partnership con Uefa e Fifa&#8221;.<br \/>&#8211; foto LivePhotoSport &#8211; <br \/>(ITALPRESS).<\/div>\n<div id=\"div-gpt-ad-Messinaoggi.it-DSK-300x250-corpoart\" style=\"text-align:center;margin:0 auto;\"><\/div><\/p><div id=\"videoincontent\" style=\"clear:both\";><\/div>","protected":false},"excerpt":{"rendered":"<p>ROMA (ITALPRESS) &#8211; &#8220;Il Napoli \u00e8 sempre il Napoli. Sono i campioni d&#8217;Italia con merito, hanno vinto in modo chiaro lo scorso anno. Hanno perso Kim, un giocatore importante, ma ne hanno presi tanti, \u00e8 la stessa squadra&#8221;. Cos\u00ec Jos\u00e8 Mourinho alla vigilia della sfida contro i campioni d&#8217;Italia in carica. Il tecnico portoghese, in [&hellip;]<\/p>\n","protected":false},"author":18,"featured_media":181823,"comment_status":"closed","ping_status":"closed","sticky":false,"template":"","format":"standard","meta":{"ub_ctt_via":"","_mi_skip_tracking":false},"categories":[446],"tags":[783],"featured_image_src":"https:\/\/www.messinaoggi.it\/website\/wp-content\/uploads\/2023\/12\/20231222_0655.jpg","author_info":{"display_name":"Admin","author_link":"https:\/\/www.messinaoggi.it\/website\/author\/admin\/"},"digistream_id":0,"digistream":false,"_links":{"self":[{"href":"https:\/\/www.messinaoggi.it\/website\/wp-json\/wp\/v2\/posts\/181822"}],"collection":[{"href":"https:\/\/www.messinaoggi.it\/website\/wp-json\/wp\/v2\/posts"}],"about":[{"href":"https:\/\/www.messinaoggi.it\/website\/wp-json\/wp\/v2\/types\/post"}],"author":[{"embeddable":true,"href":"https:\/\/www.messinaoggi.it\/website\/wp-json\/wp\/v2\/users\/18"}],"replies":[{"embeddable":true,"href":"https:\/\/www.messinaoggi.it\/website\/wp-json\/wp\/v2\/comments?post=181822"}],"version-history":[{"count":0,"href":"https:\/\/www.messinaoggi.it\/website\/wp-json\/wp\/v2\/posts\/181822\/revisions"}],"wp:featuredmedia":[{"embeddable":true,"href":"https:\/\/www.messinaoggi.it\/website\/wp-json\/wp\/v2\/media\/181823"}],"wp:attachment":[{"href":"https:\/\/www.messinaoggi.it\/website\/wp-json\/wp\/v2\/media?parent=181822"}],"wp:term":[{"taxonomy":"category","embeddable":true,"href":"https:\/\/www.messinaoggi.it\/website\/wp-json\/wp\/v2\/categories?post=181822"},{"taxonomy":"post_tag","embeddable":true,"href":"https:\/\/www.messinaoggi.it\/website\/wp-json\/wp\/v2\/tags?post=181822"}],"curies":[{"name":"wp","href":"https:\/\/api.w.org\/{rel}","templated":true}]}}