{"id":181820,"date":"2023-12-22T14:08:01","date_gmt":"2023-12-22T13:08:01","guid":{"rendered":"https:\/\/www.messinaoggi.it\/website\/2023\/12\/22\/azzi-oscar-2023-della-scherma-a-errigo-marini-di-veroli-e-rigo\/"},"modified":"2023-12-22T14:08:01","modified_gmt":"2023-12-22T13:08:01","slug":"azzi-oscar-2023-della-scherma-a-errigo-marini-di-veroli-e-rigo","status":"publish","type":"post","link":"https:\/\/www.messinaoggi.it\/website\/2023\/12\/22\/azzi-oscar-2023-della-scherma-a-errigo-marini-di-veroli-e-rigo\/","title":{"rendered":"Azzi \u201cOscar 2023 della scherma a Errigo, Marini, Di Veroli e Rigo\u201d"},"content":{"rendered":"<div>ROMA (ITALPRESS) &#8211; &#8220;Il bilancio del 2023 \u00e8 ampiamente positivo, sia in termini di risultati che in termini organizzativi&#8221;. Paolo Azzi, presidente della Federazione Italiana Scherma, non nasconde la soddisfazione per il lavoro svolto nell&#8217;anno che sta per chiudersi. &#8220;A chi assegnerei gli Oscar 2023? E&#8217; difficile. Sono tanti gli atleti e le atlete che si sono meritati una menzione &#8211; spiega in un&#8217;intervista all&#8217;Italpress -. Nel femminile vorrei citare Arianna Errigo perch\u00e8 \u00e8 rientrata dopo la maternit\u00e0 ed \u00e8 ritornata ad altissimi livelli. Mi \u00e8 piaciuto il modo, la serenit\u00e0, la gioia con cui ha affrontato da mamma il campionato del mondo. Tra gli uomini citerei Tommaso Marini e Davide Di Veroli che hanno ottenuto risultati straordinari. E insieme a loro, nel paralimpico, Leonardo Rigo che ha ottenuto la doppietta europeo-mondiale ed \u00e8 un ragazzo amatissimo nel nostro ambiente&#8221;. Nel 2023 l&#8217;Italia ha organizzato il Mondiale assoluto a Milano (che ha visto gli azzurri trionfare nel medagliere per nazioni) e il Mondiale assoluto paralimpico a Terni. &#8220;Abbiamo avuto riscontri di grande soddisfazione dalle federazioni partecipanti e dalla federazione internazionale &#8211; aggiunge -. Ci sono stati risultati importanti, soprattutto perch\u00e8 si sono liberate le energie di quegli atleti che avevano sub\u00ecto in pieno il periodo del Covid. Quelle forze giovani che forse gi\u00e0 a Tokyo avrebbero potuto essere presenti e che avevano invece dovuto mordere il freno, ma che ora si sono espresse nel pieno delle loro potenzialit\u00e0&#8221;. Inoltre, spiega Azzi, &#8220;quest&#8217;anno abbiamo avuto livelli di attenzione e visibilit\u00e0 che solitamente riscontriamo solo nell&#8217;anno olimpico. Speriamo di meritarci altrettanta attenzione anche a Parigi&#8221;. Proprio in vista dei Giochi del 2024, Azzi si dice fiducioso: &#8220;Dobbiamo puntare a vincere, abbiamo parecchie frecce nel nostro arco ma la concorrenza \u00e8 tantissima. Non ci verr\u00e0 regalato niente, saremo in casa dei francesi che faranno di tutto per sfruttare il fattore campo. Sar\u00e0 un&#8217;Olimpiade difficile, ma stiamo lavorando per arrivarci nelle migliori condizioni&#8221;.<br \/>&#8211; foto Italpress &#8211; <br \/>(ITALPRESS).<\/div>\n<div id=\"div-gpt-ad-Messinaoggi.it-DSK-300x250-corpoart\" style=\"text-align:center;margin:0 auto;\"><\/div><\/p><div id=\"videoincontent\" style=\"clear:both\";><\/div>","protected":false},"excerpt":{"rendered":"<p>ROMA (ITALPRESS) &#8211; &#8220;Il bilancio del 2023 \u00e8 ampiamente positivo, sia in termini di risultati che in termini organizzativi&#8221;. Paolo Azzi, presidente della Federazione Italiana Scherma, non nasconde la soddisfazione per il lavoro svolto nell&#8217;anno che sta per chiudersi. &#8220;A chi assegnerei gli Oscar 2023? E&#8217; difficile. Sono tanti gli atleti e le atlete che [&hellip;]<\/p>\n","protected":false},"author":18,"featured_media":181821,"comment_status":"closed","ping_status":"closed","sticky":false,"template":"","format":"standard","meta":{"ub_ctt_via":"","_mi_skip_tracking":false},"categories":[446],"tags":[783],"featured_image_src":"https:\/\/www.messinaoggi.it\/website\/wp-content\/uploads\/2023\/12\/20231222_0651.jpg","author_info":{"display_name":"Admin","author_link":"https:\/\/www.messinaoggi.it\/website\/author\/admin\/"},"digistream_id":0,"digistream":false,"_links":{"self":[{"href":"https:\/\/www.messinaoggi.it\/website\/wp-json\/wp\/v2\/posts\/181820"}],"collection":[{"href":"https:\/\/www.messinaoggi.it\/website\/wp-json\/wp\/v2\/posts"}],"about":[{"href":"https:\/\/www.messinaoggi.it\/website\/wp-json\/wp\/v2\/types\/post"}],"author":[{"embeddable":true,"href":"https:\/\/www.messinaoggi.it\/website\/wp-json\/wp\/v2\/users\/18"}],"replies":[{"embeddable":true,"href":"https:\/\/www.messinaoggi.it\/website\/wp-json\/wp\/v2\/comments?post=181820"}],"version-history":[{"count":0,"href":"https:\/\/www.messinaoggi.it\/website\/wp-json\/wp\/v2\/posts\/181820\/revisions"}],"wp:featuredmedia":[{"embeddable":true,"href":"https:\/\/www.messinaoggi.it\/website\/wp-json\/wp\/v2\/media\/181821"}],"wp:attachment":[{"href":"https:\/\/www.messinaoggi.it\/website\/wp-json\/wp\/v2\/media?parent=181820"}],"wp:term":[{"taxonomy":"category","embeddable":true,"href":"https:\/\/www.messinaoggi.it\/website\/wp-json\/wp\/v2\/categories?post=181820"},{"taxonomy":"post_tag","embeddable":true,"href":"https:\/\/www.messinaoggi.it\/website\/wp-json\/wp\/v2\/tags?post=181820"}],"curies":[{"name":"wp","href":"https:\/\/api.w.org\/{rel}","templated":true}]}}