{"id":181766,"date":"2023-12-22T10:08:00","date_gmt":"2023-12-22T09:08:00","guid":{"rendered":"https:\/\/www.messinaoggi.it\/website\/2023\/12\/22\/turismo-ezhaya-astoi-nel-2023-recuperati-ricavi-2024-sara-tonico\/"},"modified":"2023-12-22T10:08:00","modified_gmt":"2023-12-22T09:08:00","slug":"turismo-ezhaya-astoi-nel-2023-recuperati-ricavi-2024-sara-tonico","status":"publish","type":"post","link":"https:\/\/www.messinaoggi.it\/website\/2023\/12\/22\/turismo-ezhaya-astoi-nel-2023-recuperati-ricavi-2024-sara-tonico\/","title":{"rendered":"Turismo, Ezhaya (Astoi) \u201cNel 2023 recuperati ricavi, 2024 sar\u00e0 tonico\u201d"},"content":{"rendered":"<div>MILANO (ITALPRESS) &#8211; Il 2023 &#8220;finalmente \u00e8 stato il primo anno pieno dopo una pandemia terribile, ancora non siamo ai livelli del 2019 che \u00e8 stato l&#8217;ultimo anno &#8216;san\u00f2 pre-pandemia, per\u00f2 abbiamo quasi recuperato tutti i volumi e tutti i ricavi. E&#8217; stato un anno tonico&#8221; in cui &#8220;finalmente abbiamo potuto fare il nostro lavoro&#8221;. Lo ha detto Pier Ezhaya, General Manager Tour Operating di Alpitour World e presidente di Astoi Confindustria Viaggi, l&#8217;associazione che rappresenta il tour operating italiano, intervistato da Claudio Brachino per il magazine televisivo Italpress Economy.<br \/>Per il 2024 si prevede &#8220;una crescita soprattutto del segmento del turismo organizzato quasi del 12% per il 2024, poi come si muover\u00e0 questa crescita bisogner\u00e0 leggerlo perch\u00e8 lo scacchiere mondiale \u00e8 sempre un p\u00f2 fluido, per\u00f2 in linea di massima ci aspettiamo un mercato ancora tonico l&#8217;anno prossimo&#8221;.<br \/>Per il periodo natalizio, i dati &#8220;sono molto positivi, li abbiamo anche &#8216;confezionat\u00ec con un maggior anticipo: questo per gli operatori \u00e8 un fattore estremamente importante, perch\u00e8 permette di pianificare per tempo e di irrobustire la propria programmazione &#8211; sottolinea Ezhaya -. Nelle settimane clou, tra Natale e Capodanno, prevediamo una crescita dell&#8217;11% sui ricavi del 2022, poi la mappa si \u00e8 spostata in funzione anche di quello che \u00e8 accaduto in Medio Oriente per\u00f2 assistiamo un lungo raggio molto tonico, vediamo una ripresa anche dei viaggi itineranti: bisogna aiutare le persone pi\u00f9 a sentire dentro che vedere fuori, hanno bisogno di vivere i luoghi e le esperienze, venendo in contatto anche con le popolazioni locali&#8221;.<br \/>La maggior parte delle imprese del settore &#8220;sono medie, spesso poco capitalizzate: \u00e8 un settore che non garantisce redditivit\u00e0 molto elevate e questo fa s\u00ec che le aziende possano investire poco in ricerca e tecnologia &#8211; sottolinea il presidente di Astoi &#8211; Confindustria Viaggi -. E&#8217; un settore molto sensibile non solo alle fluttuazioni economiche, ma anche ai cambiamenti sociali, politici e di costume. Quello che sta accadendo anche adesso con l&#8217;intelligenza artificiale pone forti interrogativi su come questo settore dovr\u00e0 rispondere a un cliente che probabilmente avr\u00e0 degli strumenti nuovi. Abbiamo bisogno di capirlo per tempo&#8221;, quindi serve &#8220;formazione e avremmo bisogno di un aiuto sulla digitalizzazione. Dobbiamo utilizzare le nuove tecnologie per arrivare pi\u00f9 in fretta e per avere pi\u00f9 informazioni, per\u00f2 ci sono delle cose che viaggiano su un &#8216;binario uman\u00f2 e non le dobbiamo perdere: dietro a una vacanza c&#8217;\u00e8 soprattutto questo. Ad esempio il ruolo delle agenzie di viaggio&#8221; che &#8220;per molti ha fatto il suo tempo, credo che sia estremamente attuale: ovviamente bisogna riconfigurarsi e immaginarsi con un modello nuovo da proporre al cliente, per\u00f2 vedo ancora l&#8217;uomo in vantaggio sulla tecnologia&#8221;.<br \/>Per quanto riguarda gli scioperi che in qualche modo impattano sul settore, &#8220;dipende da come gli operatori si comportano: ad esempio, non appena viene dichiarato lo sciopero, molte compagnie aeree gi\u00e0 cancellano i voli. Credo che questo finisca per dare maggiore forza all&#8217;evento, prima ancora che si sia verificato: questa misura &#8216;preventiv\u00e0 che permette alle compagnie aeree di cancellare i voli solo perch\u00e8 \u00e8 stato dichiarato uno sciopero, forse andrebbe regolamentata, su questo la normativa pu\u00f2 fare molto&#8221;.<div id=\"div-gpt-ad-Messinaoggi.it-DSK-300x250-corpoart\" style=\"text-align:center;margin:0 auto;\"><\/div><\/p>\n<p>&#8211; Foto Italpress &#8211;<div id=\"videoincontent\" style=\"clear:both\";><\/div><\/p>\n<p>(ITALPRESS).<\/p><\/div>\n","protected":false},"excerpt":{"rendered":"<p>MILANO (ITALPRESS) &#8211; Il 2023 &#8220;finalmente \u00e8 stato il primo anno pieno dopo una pandemia terribile, ancora non siamo ai livelli del 2019 che \u00e8 stato l&#8217;ultimo anno &#8216;san\u00f2 pre-pandemia, per\u00f2 abbiamo quasi recuperato tutti i volumi e tutti i ricavi. E&#8217; stato un anno tonico&#8221; in cui &#8220;finalmente abbiamo potuto fare il nostro lavoro&#8221;. [&hellip;]<\/p>\n","protected":false},"author":18,"featured_media":181767,"comment_status":"closed","ping_status":"closed","sticky":false,"template":"","format":"standard","meta":{"ub_ctt_via":"","_mi_skip_tracking":false},"categories":[446],"tags":[783],"featured_image_src":"https:\/\/www.messinaoggi.it\/website\/wp-content\/uploads\/2023\/12\/20231222_0123.jpg","author_info":{"display_name":"Admin","author_link":"https:\/\/www.messinaoggi.it\/website\/author\/admin\/"},"digistream_id":0,"digistream":false,"_links":{"self":[{"href":"https:\/\/www.messinaoggi.it\/website\/wp-json\/wp\/v2\/posts\/181766"}],"collection":[{"href":"https:\/\/www.messinaoggi.it\/website\/wp-json\/wp\/v2\/posts"}],"about":[{"href":"https:\/\/www.messinaoggi.it\/website\/wp-json\/wp\/v2\/types\/post"}],"author":[{"embeddable":true,"href":"https:\/\/www.messinaoggi.it\/website\/wp-json\/wp\/v2\/users\/18"}],"replies":[{"embeddable":true,"href":"https:\/\/www.messinaoggi.it\/website\/wp-json\/wp\/v2\/comments?post=181766"}],"version-history":[{"count":0,"href":"https:\/\/www.messinaoggi.it\/website\/wp-json\/wp\/v2\/posts\/181766\/revisions"}],"wp:featuredmedia":[{"embeddable":true,"href":"https:\/\/www.messinaoggi.it\/website\/wp-json\/wp\/v2\/media\/181767"}],"wp:attachment":[{"href":"https:\/\/www.messinaoggi.it\/website\/wp-json\/wp\/v2\/media?parent=181766"}],"wp:term":[{"taxonomy":"category","embeddable":true,"href":"https:\/\/www.messinaoggi.it\/website\/wp-json\/wp\/v2\/categories?post=181766"},{"taxonomy":"post_tag","embeddable":true,"href":"https:\/\/www.messinaoggi.it\/website\/wp-json\/wp\/v2\/tags?post=181766"}],"curies":[{"name":"wp","href":"https:\/\/api.w.org\/{rel}","templated":true}]}}