{"id":181622,"date":"2023-12-21T10:29:20","date_gmt":"2023-12-21T09:29:20","guid":{"rendered":"http:\/\/www.messinaoggi.it\/website\/?p=181622"},"modified":"2023-12-21T10:29:21","modified_gmt":"2023-12-21T09:29:21","slug":"moveme-la-fauci-ora-abbonamento-gratuito-per-i-disabili","status":"publish","type":"post","link":"https:\/\/www.messinaoggi.it\/website\/2023\/12\/21\/moveme-la-fauci-ora-abbonamento-gratuito-per-i-disabili\/","title":{"rendered":"MoveMe, La Fauci: &#8220;ora abbonamento gratuito per i disabili&#8221;"},"content":{"rendered":"\n<p>Dopo i buoni riscontri della nuova campagna di abbonanenti al trasporto pubblico locale MoveMe, promossa da Atm spa, <strong>Giandomenico La Fauci<\/strong>, vicepresidente supplente del Consiglio comunale e capogruppo di Ora Sicilia, interviene con una sua proposta per agevolare i disabili. <div id=\"div-gpt-ad-Messinaoggi.it-DSK-300x250-corpoart\" style=\"text-align:center;margin:0 auto;\"><\/div><\/p>\n\n\n\n<p>\u00abLa politica di incentivazione del trasporto pubblico messa in pratica dall\u2019amministrazione comunale rappresenta un importante passo verso una citt\u00e0 sostenibile e dalla vivibilit\u00e0 maggiore. Fondamentali, da questo punto di vista, l\u2019ampliamento della flotta a disposizione di ATM SpA e tutte le strategie utili a favorire l\u2019utilizzo dei mezzi pubblici da parte della cittadinanza.<div id=\"videoincontent\" style=\"clear:both\";><\/div><\/p>\n\n\n\n<figure class=\"wp-block-image size-large\"><img loading=\"lazy\" width=\"764\" height=\"531\" src=\"http:\/\/www.messinaoggi.it\/website\/wp-content\/uploads\/2018\/08\/Giandomenico-La-Fauci-1.jpg\" alt=\"\" class=\"wp-image-23132\"\/><figcaption>Giandomenico La Fauci<\/figcaption><\/figure>\n\n\n\n<p>C\u2019\u00e8 una parte di cittadini che, per\u00f2, va tutelata in maniera ancora pi\u00f9 incisiva. Parlo dei portatori di disabilit\u00e0 psichiche e motorie.Prendendo a esempio quanto fatto in varie regioni e comuni italiani, ho presentato un\u2019interrogazione al sindaco Basile, al presidente ATM Campagna, ai vertici della Messina Social City e all\u2019assessore Mondello per chiedere la creazione di agevolazioni &#8211; fino alla gratuit\u00e0 del servizio &#8211; per i disabili della nostra citt\u00e0.<\/p>\n\n\n\n<p>In Italia, infatti, esistono casi in cui ai portatori di disabilit\u00e0 \u00e8 garantito l\u2019accesso gratuito o agevolato a tutti i mezzi del servizio pubblico comunale. Dal Piemonte alla Campania, passando per Lombardia ed Emilia Romagna sono tantissimi i comuni dove i cittadini possono accedere ai servizi in maniera gratuita a seconda della propria percentuale di disabilit\u00e0.Ovvio, molte di queste iniziative sono su scala regionale e partono da decisioni di carattere regionale. <\/p>\n\n\n\n<p>Un Comune come quello di Messina, per\u00f2, \u00e8 attore principale del servizio di trasporto pubblico e potrebbe farsi promotore e precursore in questo senso.\u00a0La mia \u00e8 una semplice richiesta, che serve anche per accendere un faro su una questione, forse, sottovalutata. Siamo tutti consapevoli, per\u00f2, di quanto la condizione dei portatori di disabilit\u00e0 necessiti di ogni aiuto sociale possibile. <\/p>\n\n\n\n<p>Sono tantissimi, poi, i cittadini disabili che hanno come unico mezzo di trasporto a loro disposizione quello pubblico.Il mio \u00e8 un invito a riflettere per trovare la miglior soluzione possibile. Sia che si parte da agevolazioni, sia che si voglia concedere il titolo gratuito a chi ne ha essenziale necessit\u00e0\u00bb.<\/p>\n","protected":false},"excerpt":{"rendered":"<p>Dopo i buoni riscontri della nuova campagna di abbonanenti al trasporto pubblico locale MoveMe, promossa da Atm spa, Giandomenico La Fauci, vicepresidente supplente del Consiglio comunale e capogruppo di Ora Sicilia, interviene con una sua proposta per agevolare i disabili. \u00abLa politica di incentivazione del trasporto pubblico messa in pratica dall\u2019amministrazione comunale rappresenta un importante [&hellip;]<\/p>\n","protected":false},"author":15,"featured_media":166048,"comment_status":"open","ping_status":"open","sticky":false,"template":"","format":"standard","meta":{"ub_ctt_via":"","_mi_skip_tracking":false},"categories":[4],"tags":[9245,9286,1004,2092,8101,2014,3367,8187,4167],"featured_image_src":"https:\/\/www.messinaoggi.it\/website\/wp-content\/uploads\/2023\/08\/IMG-20230812-WA0014.jpg","author_info":{"display_name":"red.me","author_link":"https:\/\/www.messinaoggi.it\/website\/author\/red-me\/"},"digistream_id":0,"digistream":false,"_links":{"self":[{"href":"https:\/\/www.messinaoggi.it\/website\/wp-json\/wp\/v2\/posts\/181622"}],"collection":[{"href":"https:\/\/www.messinaoggi.it\/website\/wp-json\/wp\/v2\/posts"}],"about":[{"href":"https:\/\/www.messinaoggi.it\/website\/wp-json\/wp\/v2\/types\/post"}],"author":[{"embeddable":true,"href":"https:\/\/www.messinaoggi.it\/website\/wp-json\/wp\/v2\/users\/15"}],"replies":[{"embeddable":true,"href":"https:\/\/www.messinaoggi.it\/website\/wp-json\/wp\/v2\/comments?post=181622"}],"version-history":[{"count":3,"href":"https:\/\/www.messinaoggi.it\/website\/wp-json\/wp\/v2\/posts\/181622\/revisions"}],"predecessor-version":[{"id":181625,"href":"https:\/\/www.messinaoggi.it\/website\/wp-json\/wp\/v2\/posts\/181622\/revisions\/181625"}],"wp:featuredmedia":[{"embeddable":true,"href":"https:\/\/www.messinaoggi.it\/website\/wp-json\/wp\/v2\/media\/166048"}],"wp:attachment":[{"href":"https:\/\/www.messinaoggi.it\/website\/wp-json\/wp\/v2\/media?parent=181622"}],"wp:term":[{"taxonomy":"category","embeddable":true,"href":"https:\/\/www.messinaoggi.it\/website\/wp-json\/wp\/v2\/categories?post=181622"},{"taxonomy":"post_tag","embeddable":true,"href":"https:\/\/www.messinaoggi.it\/website\/wp-json\/wp\/v2\/tags?post=181622"}],"curies":[{"name":"wp","href":"https:\/\/api.w.org\/{rel}","templated":true}]}}