{"id":18157,"date":"2018-04-13T09:00:38","date_gmt":"2018-04-13T07:00:38","guid":{"rendered":"http:\/\/www.messinaoggi.it\/website\/?p=18157"},"modified":"2018-04-13T09:00:38","modified_gmt":"2018-04-13T07:00:38","slug":"lunghi-scrosci-dapplausi-per-la-cena-dei-cretini-andata-in-scena-al-teatro-trifiletti","status":"publish","type":"post","link":"https:\/\/www.messinaoggi.it\/website\/2018\/04\/13\/lunghi-scrosci-dapplausi-per-la-cena-dei-cretini-andata-in-scena-al-teatro-trifiletti\/","title":{"rendered":"Lunghi scrosci d&#039;applausi per La cena dei cretini andata in scena al Teatro Trifiletti"},"content":{"rendered":"<p>Tante risate, grande allegria e scrosci d\u2019applausi hanno caratterizzato La cena dei cretini, divertente commedia andata in scena \u00a0domenica scorsa al Teatro Trifiletti\u00a0 per la Stagione Quinteatro diretta dal regista Giuseppe Pollicina\u00a0 e organizzata da\u00a0 Le Alte Terre di Mezzo\u00a0 di Tania Alioto, in collaborazione con il Comune di Milazzo.<br \/>\nSul palco\u00a0 un mostruoso cast di grandi interpreti come Simone Colombari, Maurizio D\u2019Agostino, Loredana Piedimonte e Silvia Degrandi capitanato\u00a0 da Paolo Triestino e Nicola Pistoia.<br \/>\n<img loading=\"lazy\" class=\"alignnone  wp-image-18159\" src=\"http:\/\/www.messinaoggi.it\/website\/wp-content\/uploads\/2018\/04\/la-cena-dei-cretini-1-300x200.jpg\" alt=\"\" width=\"359\" height=\"239\" \/><br \/>\nInsieme, \u00a0in una perfetta sincronia, \u00a0hanno dato nuova linfa al testo di Francis Veber \u00a0raccontando in modo ironico\u00a0 intense sfumature di vita, nella quale \u00a0pu\u00f2 capitare di trovare un amico in persone che mai e poi mai avresti\u00a0 immaginato e del quale, fino a qualche minuto ti eri superficialmente preso gioco. Perch\u00e9, a volte, nella vita pu\u00f2 capitare anche questo.<br \/>\n<img loading=\"lazy\" class=\"alignnone  wp-image-18160\" src=\"http:\/\/www.messinaoggi.it\/website\/wp-content\/uploads\/2018\/04\/la-cena-dei-cretini-2-1-300x200.jpg\" alt=\"\" width=\"376\" height=\"250\" \/><br \/>\nNuovo successo per la Stagione Quinteatro, dunque, che ha regalato al suo pubblico\u00a0 una pi\u00e8ce ricca di un dissacrante umorismo nella quale dopo tante risate \u00e8 subentrata in modo quasi impercettibile la riflessione, amica sincera di tutte le pi\u00f9 importanti\u00a0 decisioni e di tutti i nostri comportamenti.<div id=\"div-gpt-ad-Messinaoggi.it-DSK-300x250-corpoart\" style=\"text-align:center;margin:0 auto;\"><\/div><\/p>\n<div id=\"videoincontent\" style=\"clear:both\";><\/div>","protected":false},"excerpt":{"rendered":"<p>Tante risate, grande allegria e scrosci d\u2019applausi hanno caratterizzato La cena dei cretini, divertente commedia andata in scena \u00a0domenica scorsa al Teatro Trifiletti\u00a0 per la Stagione Quinteatro diretta dal regista Giuseppe Pollicina\u00a0 e organizzata da\u00a0 Le Alte Terre di Mezzo\u00a0 di Tania Alioto, in collaborazione con il Comune di Milazzo. Sul palco\u00a0 un mostruoso cast [&hellip;]<\/p>\n","protected":false},"author":5,"featured_media":18161,"comment_status":"closed","ping_status":"open","sticky":false,"template":"","format":"standard","meta":{"ub_ctt_via":"","_mi_skip_tracking":false},"categories":[17],"tags":[],"featured_image_src":"https:\/\/www.messinaoggi.it\/website\/wp-content\/uploads\/2018\/04\/la-cena-dei-cretini-copertina-1.jpg","author_info":{"display_name":"Maria Antonella Saia","author_link":"https:\/\/www.messinaoggi.it\/website\/author\/m-saia\/"},"digistream_id":0,"digistream":false,"_links":{"self":[{"href":"https:\/\/www.messinaoggi.it\/website\/wp-json\/wp\/v2\/posts\/18157"}],"collection":[{"href":"https:\/\/www.messinaoggi.it\/website\/wp-json\/wp\/v2\/posts"}],"about":[{"href":"https:\/\/www.messinaoggi.it\/website\/wp-json\/wp\/v2\/types\/post"}],"author":[{"embeddable":true,"href":"https:\/\/www.messinaoggi.it\/website\/wp-json\/wp\/v2\/users\/5"}],"replies":[{"embeddable":true,"href":"https:\/\/www.messinaoggi.it\/website\/wp-json\/wp\/v2\/comments?post=18157"}],"version-history":[{"count":0,"href":"https:\/\/www.messinaoggi.it\/website\/wp-json\/wp\/v2\/posts\/18157\/revisions"}],"wp:featuredmedia":[{"embeddable":true,"href":"https:\/\/www.messinaoggi.it\/website\/wp-json\/wp\/v2\/media\/18161"}],"wp:attachment":[{"href":"https:\/\/www.messinaoggi.it\/website\/wp-json\/wp\/v2\/media?parent=18157"}],"wp:term":[{"taxonomy":"category","embeddable":true,"href":"https:\/\/www.messinaoggi.it\/website\/wp-json\/wp\/v2\/categories?post=18157"},{"taxonomy":"post_tag","embeddable":true,"href":"https:\/\/www.messinaoggi.it\/website\/wp-json\/wp\/v2\/tags?post=18157"}],"curies":[{"name":"wp","href":"https:\/\/api.w.org\/{rel}","templated":true}]}}