{"id":18156,"date":"2018-04-12T22:37:18","date_gmt":"2018-04-12T20:37:18","guid":{"rendered":"http:\/\/www.messinaoggi.it\/website\/?p=18156"},"modified":"2018-04-12T22:37:18","modified_gmt":"2018-04-12T20:37:18","slug":"niente-soldi-sospese-tutte-le-attivita-dei-progetti-pac","status":"publish","type":"post","link":"https:\/\/www.messinaoggi.it\/website\/2018\/04\/12\/niente-soldi-sospese-tutte-le-attivita-dei-progetti-pac\/","title":{"rendered":"Niente soldi, sospese tutte le attivit\u00e0 dei progetti Pac"},"content":{"rendered":"<p>Una delegazione di dipendenti e famiglie dei quattro asili nido di Taormina, Savoca, S. Teresa e Francavilla, accompagnati dal presidente dell&#8217;Asofa Leonardo Le Mura, hanno incontrato il sindaco di Taormina, Eligio Giardina e il coordinatore del Distretto socio-sanitario di Taormina Pippo Cacopardo per avere chiarimenti in merito al mancato pagamento delle fatture dal mese di giugno 2017 ad oggi.\u00a0A seguito delle mancate spettanze e nell&#8217;impossibilit\u00e0 di garantire con efficienza e sicurezza le attivita ludico-didattiche, Asofa \u00e8 stata costretta a sospendere i progetti. Le attivita sono state garantite con regolarita e quotidianit\u00e0 dal mese digiugno 2017.<br \/>\nI quattro asili mediante i progetti Pac ospitano 16 bambini a Savoca, 20 a S. Teresa, 18 a Francavilla e 15 a Taormina. Il personale educativo e ausiliariato in numero proporzionato ai bambini. Ogni giorno vengono garantire attivit\u00e0 ludico didattiche. Assicirata in tutto glu asili anche il servizio mensa e\/o le merende. Quindi costi e omeri importanti.<br \/>\nIl sindaco e il dirigente hanno rassicurato i presenti che i mandati saranno fatti in settimana.<br \/>\nGli atti sono stati posti in essere dagli uffici del distretto e non ci sarebbero problemi nel procedere. Pertanto le attivita rimarranno sospese fino allavvenuto pagamento delle mensilita arretrate.<br \/>\n<strong>Mauro Romano<\/strong><div id=\"div-gpt-ad-Messinaoggi.it-DSK-300x250-corpoart\" style=\"text-align:center;margin:0 auto;\"><\/div><\/p>\n<div id=\"videoincontent\" style=\"clear:both\";><\/div>","protected":false},"excerpt":{"rendered":"<p>Una delegazione di dipendenti e famiglie dei quattro asili nido di Taormina, Savoca, S. Teresa e Francavilla, accompagnati dal presidente dell&#8217;Asofa Leonardo Le Mura, hanno incontrato il sindaco di Taormina, Eligio Giardina e il coordinatore del Distretto socio-sanitario di Taormina Pippo Cacopardo per avere chiarimenti in merito al mancato pagamento delle fatture dal mese di [&hellip;]<\/p>\n","protected":false},"author":4,"featured_media":18158,"comment_status":"closed","ping_status":"open","sticky":false,"template":"","format":"standard","meta":{"ub_ctt_via":"","_mi_skip_tracking":false},"categories":[3],"tags":[],"featured_image_src":"https:\/\/www.messinaoggi.it\/website\/wp-content\/uploads\/2018\/04\/IMG-20180412-WA0008-1.jpg","author_info":{"display_name":"redme","author_link":"https:\/\/www.messinaoggi.it\/website\/author\/redme\/"},"digistream_id":0,"digistream":false,"_links":{"self":[{"href":"https:\/\/www.messinaoggi.it\/website\/wp-json\/wp\/v2\/posts\/18156"}],"collection":[{"href":"https:\/\/www.messinaoggi.it\/website\/wp-json\/wp\/v2\/posts"}],"about":[{"href":"https:\/\/www.messinaoggi.it\/website\/wp-json\/wp\/v2\/types\/post"}],"author":[{"embeddable":true,"href":"https:\/\/www.messinaoggi.it\/website\/wp-json\/wp\/v2\/users\/4"}],"replies":[{"embeddable":true,"href":"https:\/\/www.messinaoggi.it\/website\/wp-json\/wp\/v2\/comments?post=18156"}],"version-history":[{"count":0,"href":"https:\/\/www.messinaoggi.it\/website\/wp-json\/wp\/v2\/posts\/18156\/revisions"}],"wp:featuredmedia":[{"embeddable":true,"href":"https:\/\/www.messinaoggi.it\/website\/wp-json\/wp\/v2\/media\/18158"}],"wp:attachment":[{"href":"https:\/\/www.messinaoggi.it\/website\/wp-json\/wp\/v2\/media?parent=18156"}],"wp:term":[{"taxonomy":"category","embeddable":true,"href":"https:\/\/www.messinaoggi.it\/website\/wp-json\/wp\/v2\/categories?post=18156"},{"taxonomy":"post_tag","embeddable":true,"href":"https:\/\/www.messinaoggi.it\/website\/wp-json\/wp\/v2\/tags?post=18156"}],"curies":[{"name":"wp","href":"https:\/\/api.w.org\/{rel}","templated":true}]}}