{"id":18146,"date":"2018-04-12T13:27:15","date_gmt":"2018-04-12T11:27:15","guid":{"rendered":"http:\/\/www.messinaoggi.it\/website\/?p=18146"},"modified":"2018-04-12T13:27:15","modified_gmt":"2018-04-12T11:27:15","slug":"amam-termini-in-commissione-vuota-il-sacco-rottura-tra-cda-e-cipollini","status":"publish","type":"post","link":"https:\/\/www.messinaoggi.it\/website\/2018\/04\/12\/amam-termini-in-commissione-vuota-il-sacco-rottura-tra-cda-e-cipollini\/","title":{"rendered":"Amam, Termini in commissione vuota il sacco: rottura tra Cda e Cipollini"},"content":{"rendered":"<p style=\"text-align: justify\">Una spaccatura profonda all\u2019interno dell\u2019Amam, da una parte il consiglio d\u2019amministrazione, dall\u2019altra il direttore generale Claudio Cipollini. Il protagonista Leonardo Termini \u00e8 il protagonista del giorno in un\u2019infuocata seduta della commissione lavori pubblici presieduta da Carlo Cantali, in cui \u00e8 stata fatta l\u2019ennesima operazione verit\u00e0 su tutto ci\u00f2 che riguarda la societ\u00e0 del viale Giostra.<div id=\"div-gpt-ad-Messinaoggi.it-DSK-300x250-corpoart\" style=\"text-align:center;margin:0 auto;\"><\/div><\/p>\n<p style=\"text-align: justify\">Una situazione che Termini spiega cos\u00ec: \u201c<em>Tutto nasce da alcune azioni poste da Amam, come la gestione dei serbatoi o delle sorgive piuttosto che dal recupero dei crediti. Ma soprattutto per la gestione informatica, ad oggi trovo clamoroso che a un soggetto esterno all\u2019azienda porti avanti il servizio senza che abbia alcun contratto e quindi in modo illegittimo. Qui dall\u2019azienda si esce dalla porta e si entra dalla finestra\u201d.<\/em><div id=\"videoincontent\" style=\"clear:both\";><\/div><\/p>\n<p style=\"text-align: justify\">Termini rivendica le azioni fatte negli ultimi anni volte alla gestione trasparente dell\u2019azienda: \u201c<em>Non faccio propaganda, non ho bisogno di pubblicizzare nulla. Da due anni faccio azioni di denuncia e tutela dell\u2019azienda, che ci sia una scollatura dall\u2019ingresso del nuovo direttore generale \u00e8 un dato di fatto. Molti quesiti da me posti non hanno avuto alcuna risposta, penso ad esempio al recupero dei crediti, siamo andati avanti con gli atti amministrativi fatti dall\u2019ingegnere La Rosa, da l\u00ec siamo andati avanti ma non c\u2019\u00e8 stato alcun passo in avanti\u201d<\/em>.<\/p>\n<p style=\"text-align: justify\">Termini poi aggiunge: \u201c<em>Sulla carta il sistema informatico dovrebbe avere il responsabile, in realt\u00e0 ci sono molti dati di cui non siamo in possesso. Io invito a tutti a prendere coscienza di ci\u00f2 che \u00e8 stato fatto e di calibrare bene tutti gli attacchi che vengono fatti nei miei confronti e in quelli del Cda\u201d.<\/em><\/p>\n<p style=\"text-align: justify\">In aula, tra i vari interventi, anche il consigliere Angelo Burrascano ha alzato la voce: \u201c<em>Amam ha assunto gli ex dipendenti Feluca senza bando o concorso, stiamo parlando di cento posti di lavoro su questo punto \u00e8 necessario fare luce\u201d.<\/em><\/p>\n<p> <\/p>\n","protected":false},"excerpt":{"rendered":"<p>Una spaccatura profonda all\u2019interno dell\u2019Amam, da una parte il consiglio d\u2019amministrazione, dall\u2019altra il direttore generale Claudio Cipollini. Il protagonista Leonardo Termini \u00e8 il protagonista del giorno in un\u2019infuocata seduta della commissione lavori pubblici presieduta da Carlo Cantali, in cui \u00e8 stata fatta l\u2019ennesima operazione verit\u00e0 su tutto ci\u00f2 che riguarda la societ\u00e0 del viale Giostra. [&hellip;]<\/p>\n","protected":false},"author":14,"featured_media":18148,"comment_status":"closed","ping_status":"open","sticky":false,"template":"","format":"standard","meta":{"ub_ctt_via":"","_mi_skip_tracking":false},"categories":[6],"tags":[],"featured_image_src":"https:\/\/www.messinaoggi.it\/website\/wp-content\/uploads\/2018\/04\/IMG_20180412_111724-1.jpg","author_info":{"display_name":"Antonio Macauda","author_link":"https:\/\/www.messinaoggi.it\/website\/author\/a-macauda\/"},"digistream_id":0,"digistream":false,"_links":{"self":[{"href":"https:\/\/www.messinaoggi.it\/website\/wp-json\/wp\/v2\/posts\/18146"}],"collection":[{"href":"https:\/\/www.messinaoggi.it\/website\/wp-json\/wp\/v2\/posts"}],"about":[{"href":"https:\/\/www.messinaoggi.it\/website\/wp-json\/wp\/v2\/types\/post"}],"author":[{"embeddable":true,"href":"https:\/\/www.messinaoggi.it\/website\/wp-json\/wp\/v2\/users\/14"}],"replies":[{"embeddable":true,"href":"https:\/\/www.messinaoggi.it\/website\/wp-json\/wp\/v2\/comments?post=18146"}],"version-history":[{"count":0,"href":"https:\/\/www.messinaoggi.it\/website\/wp-json\/wp\/v2\/posts\/18146\/revisions"}],"wp:featuredmedia":[{"embeddable":true,"href":"https:\/\/www.messinaoggi.it\/website\/wp-json\/wp\/v2\/media\/18148"}],"wp:attachment":[{"href":"https:\/\/www.messinaoggi.it\/website\/wp-json\/wp\/v2\/media?parent=18146"}],"wp:term":[{"taxonomy":"category","embeddable":true,"href":"https:\/\/www.messinaoggi.it\/website\/wp-json\/wp\/v2\/categories?post=18146"},{"taxonomy":"post_tag","embeddable":true,"href":"https:\/\/www.messinaoggi.it\/website\/wp-json\/wp\/v2\/tags?post=18146"}],"curies":[{"name":"wp","href":"https:\/\/api.w.org\/{rel}","templated":true}]}}