{"id":181303,"date":"2023-12-19T10:32:19","date_gmt":"2023-12-19T09:32:19","guid":{"rendered":"http:\/\/www.messinaoggi.it\/website\/?p=181303"},"modified":"2023-12-19T10:32:20","modified_gmt":"2023-12-19T09:32:20","slug":"giovanni-magni-sara-coordinatore-di-gioventu-nazionale-in-sicilia","status":"publish","type":"post","link":"https:\/\/www.messinaoggi.it\/website\/2023\/12\/19\/giovanni-magni-sara-coordinatore-di-gioventu-nazionale-in-sicilia\/","title":{"rendered":"Giovanni Magni sar\u00e0 coordinatore di Giovent\u00f9 Nazionale in Sicilia"},"content":{"rendered":"\n<p>Dopo anni di politica studentesca e di militanza all\u2019interno del movimento, il consigliere comunale di Catania Giovanni Magni \u00e8 stato incaricato di coordinare il movimento giovanile di Fratelli d&#8217;Italia in Sicilia.<div id=\"div-gpt-ad-Messinaoggi.it-DSK-300x250-corpoart\" style=\"text-align:center;margin:0 auto;\"><\/div><\/p>\n\n\n\n<p>\u201cSono felice di aver ricevuto un incarico cos\u00ec prestigioso &#8211; dichiara Magni &#8211; all\u2019interno di un movimento che \u00e8 stato decisivo per la mia attivit\u00e0 politica e la mia crescita umana. Sar\u00f2 mosso dallo spirito di abnegazione e dal sacrificio che hanno caratterizzato negli anni il gruppo di Giovent\u00f9 Nazionale. La politica \u00e8 il motore che muove tutto e i giovani devono esserne attratti. Sar\u00e0 mio compito continuare e provare a migliorare ci\u00f2 che mi \u00e8 stato insegnato&#8221;.<div id=\"videoincontent\" style=\"clear:both\";><\/div><\/p>\n\n\n\n<p>&#8220;Voglio ringraziare la dirigenza romana di Giovent\u00f9 Nazionale &#8211; aggiunge Magni &#8211; in particolare Fabio Roscani e Chiara la Porta, ma anche il coordinatore regionale del partito Salvo Pogliese, quello provinciale di Catania Alberto Cardillo. Un sentito ringraziamento va a due miei punti di riferimento politici e umani, ovvero il presidente Gaetano Galvagno e l&#8217;onorevole Manlio Messina&#8221;.<\/p>\n\n\n\n<p>Il ruolo di coordinatore regionale rappresenter\u00e0 per Magni l&#8217;ultimo incarico all&#8217;interno di Giovent\u00f9 Nazionale prima di passare definitivamente il testimone ai pi\u00f9 giovani.<\/p>\n","protected":false},"excerpt":{"rendered":"<p>Dopo anni di politica studentesca e di militanza all\u2019interno del movimento, il consigliere comunale di Catania Giovanni Magni \u00e8 stato incaricato di coordinare il movimento giovanile di Fratelli d&#8217;Italia in Sicilia. \u201cSono felice di aver ricevuto un incarico cos\u00ec prestigioso &#8211; dichiara Magni &#8211; all\u2019interno di un movimento che \u00e8 stato decisivo per la mia [&hellip;]<\/p>\n","protected":false},"author":8,"featured_media":181304,"comment_status":"open","ping_status":"open","sticky":false,"template":"","format":"standard","meta":{"ub_ctt_via":"","_mi_skip_tracking":false},"categories":[11],"tags":[9271,978,150],"featured_image_src":"https:\/\/www.messinaoggi.it\/website\/wp-content\/uploads\/2023\/12\/Giovanni-Magni.jpeg","author_info":{"display_name":"red..me","author_link":"https:\/\/www.messinaoggi.it\/website\/author\/redstage\/"},"digistream_id":0,"digistream":false,"_links":{"self":[{"href":"https:\/\/www.messinaoggi.it\/website\/wp-json\/wp\/v2\/posts\/181303"}],"collection":[{"href":"https:\/\/www.messinaoggi.it\/website\/wp-json\/wp\/v2\/posts"}],"about":[{"href":"https:\/\/www.messinaoggi.it\/website\/wp-json\/wp\/v2\/types\/post"}],"author":[{"embeddable":true,"href":"https:\/\/www.messinaoggi.it\/website\/wp-json\/wp\/v2\/users\/8"}],"replies":[{"embeddable":true,"href":"https:\/\/www.messinaoggi.it\/website\/wp-json\/wp\/v2\/comments?post=181303"}],"version-history":[{"count":1,"href":"https:\/\/www.messinaoggi.it\/website\/wp-json\/wp\/v2\/posts\/181303\/revisions"}],"predecessor-version":[{"id":181305,"href":"https:\/\/www.messinaoggi.it\/website\/wp-json\/wp\/v2\/posts\/181303\/revisions\/181305"}],"wp:featuredmedia":[{"embeddable":true,"href":"https:\/\/www.messinaoggi.it\/website\/wp-json\/wp\/v2\/media\/181304"}],"wp:attachment":[{"href":"https:\/\/www.messinaoggi.it\/website\/wp-json\/wp\/v2\/media?parent=181303"}],"wp:term":[{"taxonomy":"category","embeddable":true,"href":"https:\/\/www.messinaoggi.it\/website\/wp-json\/wp\/v2\/categories?post=181303"},{"taxonomy":"post_tag","embeddable":true,"href":"https:\/\/www.messinaoggi.it\/website\/wp-json\/wp\/v2\/tags?post=181303"}],"curies":[{"name":"wp","href":"https:\/\/api.w.org\/{rel}","templated":true}]}}