{"id":180967,"date":"2023-12-16T14:36:01","date_gmt":"2023-12-16T13:36:01","guid":{"rendered":"http:\/\/www.messinaoggi.it\/website\/?p=180967"},"modified":"2023-12-16T14:36:03","modified_gmt":"2023-12-16T13:36:03","slug":"decadenza-croce-arriva-la-delibera","status":"publish","type":"post","link":"https:\/\/www.messinaoggi.it\/website\/2023\/12\/16\/decadenza-croce-arriva-la-delibera\/","title":{"rendered":"Decadenza Croce, arriva la delibera"},"content":{"rendered":"\n<p>Dopo tante discussioni in Consiglio Comunale \u00e8 arrivato il momento della verit\u00e0. Su proposta del Presidente del Consiglio <strong>Nello Pergolizzi<\/strong> verr\u00e0 discussa in aula, il prossimo 8 gennaio 2024, la delibera con cui si contestano l&#8217;incompatibilit\u00e0 e l&#8217;ineleggibilit\u00e0 sopravvenute per il consigliere <strong>Maurizio Croce<\/strong>, che all&#8217;epoca fu eletto in quanto candidato sindaco della coalizione pi\u00f9 votata, il centrodestra. <div id=\"div-gpt-ad-Messinaoggi.it-DSK-300x250-corpoart\" style=\"text-align:center;margin:0 auto;\"><\/div><\/p>\n\n\n\n<p>A Croce viene contestato il ruolo come commissario al dissesto idrogeologico per la Regione Sicilia. Croce era stato gi\u00e0 commissario del Governo Musumeci, poi, dimessosi per partecipare alle ultime elezioni amministrative, era stato per la seconda volta nominato dal nuovo presidente <strong>Renato Schifani.<\/strong><div id=\"videoincontent\" style=\"clear:both\";><\/div><\/p>\n\n\n\n<p>Secondo la delibera, si ritiene di considerare la struttura commissariale da lui guidata come organo dell&#8217;Amministrazione statale. Si legge infatti che tra le cause di ineleggibilit\u00e0 sopravvenuta vi \u00e8 quella all&#8217;art. 9 comma 1 punto 1 della Legge regionale n.31\/1986 che prevede che &#8220;non sono eleggibili a consigliere comunale&#8230; i dipendenti civili dello Stato che svolgono le funzioni di direttore generale o equiparate, o superiori&#8230;.&#8221; e che &#8220;la Corte Costituzionale nella sentenza del 26 luglio 2023, citata anche dal TAR Lazio nella sentenza n. 1656\/2009, ha affermato in pi\u00f9 occasioni la natura statale degli Uffici Commissariali rilevando in particolare che i provvedimenti posti in essere dai commissari delegati sono atti dell&#8217;amministrazione centrale dello Stato&#8221;. Si contesta infatti a Croce la caratteristica dirigenziale e di vertice del suo ruolo.<\/p>\n\n\n\n<p>Si legge anche che tra le cause di incompatibilit\u00e0 sopravvenuta, l&#8217;art. 10, comma 1 punto 2 della stessa legge prevede che &#8220;non pu\u00f2 ricoprire la carica di consigliere comunale &#8216;colui che, come titolare, amministratore, dipendente con poteri di rappresentanza o di coordinamento ha parte, direttamente o indirettamente, in somministrazioni o appalti, rispettivamente nell&#8217;interesse della Provincia o del Comune&#8230;'&#8221;.<\/p>\n\n\n\n<p>La discussione era nata durante la seduta dello scorso 29 maggio, dalle contestazioni di diversi consiglieri comunali, tra cui <strong>Pippo Trischitta<\/strong>, facente parte della maggioranza a sostegno di Federico Basile. <\/p>\n\n\n\n<p>Croce adesso ha 10 giorni per depositare rilevazioni e controdeduzioni per difendersi dalla contestazione o eliminare le cause di ineleggibilit\u00e0 e incompatibilit\u00e0, dimmettendosi dall&#8217;incarico commissariale. <\/p>\n\n\n\n<p>Dopodich\u00e9 il Consiglio potrebbe dichiarare la sua decadenza dal ruolo di consigliere comunale, votando a favore della delibera, o potrebbe votare contro, salvandolo dalla contestazione. <\/p>\n\n\n\n<p>Al suo posto potrebbe subentrare l&#8217;ex consigliere <strong>Alessandro Russo<\/strong>, primo dei non eletti della lista De Domenico Sindaco (centrosinistra). <\/p>\n\n\n\n<p>Al momento, stando ai numeri in Consiglio, Croce non avrebbe i numeri per farcela. 15 sono i voti su cui pu\u00f2 contare la &#8220;maggioranza&#8221; Basile, 2 i voti per il gruppo PD, 15 tra centrodestra e altri. Dovrebbero bastare 17 voti contro 15 per decretare quindi la decadenza di Croce. <\/p>\n\n\n\n<p><strong>Michele Bruno.<\/strong><\/p>\n","protected":false},"excerpt":{"rendered":"<p>Dopo tante discussioni in Consiglio Comunale \u00e8 arrivato il momento della verit\u00e0. Su proposta del Presidente del Consiglio Nello Pergolizzi verr\u00e0 discussa in aula, il prossimo 8 gennaio 2024, la delibera con cui si contestano l&#8217;incompatibilit\u00e0 e l&#8217;ineleggibilit\u00e0 sopravvenute per il consigliere Maurizio Croce, che all&#8217;epoca fu eletto in quanto candidato sindaco della coalizione pi\u00f9 [&hellip;]<\/p>\n","protected":false},"author":123457,"featured_media":108788,"comment_status":"open","ping_status":"open","sticky":false,"template":"","format":"standard","meta":{"ub_ctt_via":"","_mi_skip_tracking":false},"categories":[4,6],"tags":[2185,46,5689,1245,7919,9253,3617,2239],"featured_image_src":"https:\/\/www.messinaoggi.it\/website\/wp-content\/uploads\/2022\/05\/maurizio-croce-3.jpg","author_info":{"display_name":"Michele Bruno","author_link":"https:\/\/www.messinaoggi.it\/website\/author\/michele-bruno\/"},"digistream_id":0,"digistream":false,"_links":{"self":[{"href":"https:\/\/www.messinaoggi.it\/website\/wp-json\/wp\/v2\/posts\/180967"}],"collection":[{"href":"https:\/\/www.messinaoggi.it\/website\/wp-json\/wp\/v2\/posts"}],"about":[{"href":"https:\/\/www.messinaoggi.it\/website\/wp-json\/wp\/v2\/types\/post"}],"author":[{"embeddable":true,"href":"https:\/\/www.messinaoggi.it\/website\/wp-json\/wp\/v2\/users\/123457"}],"replies":[{"embeddable":true,"href":"https:\/\/www.messinaoggi.it\/website\/wp-json\/wp\/v2\/comments?post=180967"}],"version-history":[{"count":4,"href":"https:\/\/www.messinaoggi.it\/website\/wp-json\/wp\/v2\/posts\/180967\/revisions"}],"predecessor-version":[{"id":180983,"href":"https:\/\/www.messinaoggi.it\/website\/wp-json\/wp\/v2\/posts\/180967\/revisions\/180983"}],"wp:featuredmedia":[{"embeddable":true,"href":"https:\/\/www.messinaoggi.it\/website\/wp-json\/wp\/v2\/media\/108788"}],"wp:attachment":[{"href":"https:\/\/www.messinaoggi.it\/website\/wp-json\/wp\/v2\/media?parent=180967"}],"wp:term":[{"taxonomy":"category","embeddable":true,"href":"https:\/\/www.messinaoggi.it\/website\/wp-json\/wp\/v2\/categories?post=180967"},{"taxonomy":"post_tag","embeddable":true,"href":"https:\/\/www.messinaoggi.it\/website\/wp-json\/wp\/v2\/tags?post=180967"}],"curies":[{"name":"wp","href":"https:\/\/api.w.org\/{rel}","templated":true}]}}