{"id":180940,"date":"2023-12-16T11:15:19","date_gmt":"2023-12-16T10:15:19","guid":{"rendered":"http:\/\/www.messinaoggi.it\/website\/?p=180940"},"modified":"2023-12-16T11:15:33","modified_gmt":"2023-12-16T10:15:33","slug":"falo-e-botti-il-diktat-della-prefettura","status":"publish","type":"post","link":"https:\/\/www.messinaoggi.it\/website\/2023\/12\/16\/falo-e-botti-il-diktat-della-prefettura\/","title":{"rendered":"Fal\u00f2 e botti, il diktat della Prefettura"},"content":{"rendered":"\n<p>Si \u00e8 tenuta, in Prefettura, una riunione del Comitato provinciale per l&#8217;Ordine e la Sicurezza Pubblica allo scopo di mettere a punto ulteriori e pi\u00f9 stringenti servizi di vigilanza e controllo durante le imminenti festivit\u00e0 natalizie e di Capodanno. All&#8217;incontro hanno partecipato il vice cindaco di Messina, il Questore, i Comandanti Provinciali dell\u2019Arma dei Carabinieri, della Guardia di Finanza e dei Vigili del Fuoco, i Comandanti delle Capitanerie di Porto di Messina e Milazzo, i Dirigenti della Sezione Polstrada, della Polizia Ferroviaria e della Polizia di Frontiera Marittima di Messina, il Segretario generale dell\u2019Autorit\u00e0 di Sistema Portuale dello Stretto, rappresentanti della Polizia metropolitana e municipale di questo Capoluogo e referenti di Anas e del Cas.<div id=\"div-gpt-ad-Messinaoggi.it-DSK-300x250-corpoart\" style=\"text-align:center;margin:0 auto;\"><\/div><\/p>\n\n\n\n<p>Nel corso del Comitato, il prefetto ha richiamato l\u2019attenzione sulla necessit\u00e0 di ottimizzare le risorse destinate alla sicurezza dei cittadini per meglio affrontare le criticit\u00e0 presenti nel territorio nel periodo delle festivit\u00e0 natalizie e di Capodanno, in cui si registra un maggior afflusso di presenze, non soltanto turistiche, nell\u2019intera area metropolitana. In tal senso, saranno incrementate le attivit\u00e0 di verifica negli scali portuali e ferroviari per garantire una cornice di sicurezza all\u2019utenza del trasporto pubblico, contestualmente monitorando l\u2019eventuale aumento di afflusso dei veicoli nelle strade provinciali e autostradali al fine di evitare criticit\u00e0 nella circolazione e negli spostamenti<div id=\"videoincontent\" style=\"clear:both\";><\/div><\/p>\n\n\n\n<p>Nell\u2019ottica condivisa di costruire in piena sinergia con tutti i componenti istituzionali un apparato preventivo di controllo del territorio, \u00e8 stata altres\u00ec evidenziata l\u2019esigenza di valorizzare il coinvolgimento delle polizie locali per venire incontro alle sempre pi\u00f9 sentite richieste di sicurezza urbana, privilegiando i centri commerciali e le piazze in cui sono stati, e saranno, allestiti mercatini e fiere natalizie.<\/p>\n\n\n\n<p>Pi\u00f9 nel dettaglio si \u00e8 convenuto di implementare con dei servizi aggiuntivi il controllo finalizzato al contrasto dei fenomeni che, arrecando turbativa all\u2019ordine pubblico, impattano negativamente sulla percezione di sicurezza dei cittadini, quali la guida in stato di ebbrezza alcolica o di alterazione dopo aver assunto sostanze stupefacenti o psicotrope. Particolare attenzione, inoltre, sar\u00e0 riservata al contrasto alla commercializzazione illegale di artifizi pirotecnici, al fine di prevenire abusi ed accrescere il senso di sicurezza collettiva<br>Saranno, al contempo, rafforzati i dispositivi di vigilanza tramite pattuglie delle forze dell\u2019ordine, anche appiedate, nei luoghi della movida serale dove sono pi\u00f9 diffusi i locali pubblici e di intrattenimento, nonch\u00e9 predisposti controlli in tutta la provincia per arginare l\u2019accensione dei \u201cfal\u00f2\u201d, che di frequente ricorre nel periodo antecedente alle festivit\u00e0 di fine anno, e per monitorare le aree ritenute pi\u00f9 a rischio al proliferare di attivit\u00e0 illegali.<\/p>\n","protected":false},"excerpt":{"rendered":"<p>Si \u00e8 tenuta, in Prefettura, una riunione del Comitato provinciale per l&#8217;Ordine e la Sicurezza Pubblica allo scopo di mettere a punto ulteriori e pi\u00f9 stringenti servizi di vigilanza e controllo durante le imminenti festivit\u00e0 natalizie e di Capodanno. All&#8217;incontro hanno partecipato il vice cindaco di Messina, il Questore, i Comandanti Provinciali dell\u2019Arma dei Carabinieri, [&hellip;]<\/p>\n","protected":false},"author":4,"featured_media":91535,"comment_status":"open","ping_status":"open","sticky":false,"template":"","format":"standard","meta":{"ub_ctt_via":"","_mi_skip_tracking":false},"categories":[19],"tags":[3727,3767],"featured_image_src":"https:\/\/www.messinaoggi.it\/website\/wp-content\/uploads\/2021\/12\/botti-petardi.jpg","author_info":{"display_name":"redme","author_link":"https:\/\/www.messinaoggi.it\/website\/author\/redme\/"},"digistream_id":0,"digistream":false,"_links":{"self":[{"href":"https:\/\/www.messinaoggi.it\/website\/wp-json\/wp\/v2\/posts\/180940"}],"collection":[{"href":"https:\/\/www.messinaoggi.it\/website\/wp-json\/wp\/v2\/posts"}],"about":[{"href":"https:\/\/www.messinaoggi.it\/website\/wp-json\/wp\/v2\/types\/post"}],"author":[{"embeddable":true,"href":"https:\/\/www.messinaoggi.it\/website\/wp-json\/wp\/v2\/users\/4"}],"replies":[{"embeddable":true,"href":"https:\/\/www.messinaoggi.it\/website\/wp-json\/wp\/v2\/comments?post=180940"}],"version-history":[{"count":1,"href":"https:\/\/www.messinaoggi.it\/website\/wp-json\/wp\/v2\/posts\/180940\/revisions"}],"predecessor-version":[{"id":180941,"href":"https:\/\/www.messinaoggi.it\/website\/wp-json\/wp\/v2\/posts\/180940\/revisions\/180941"}],"wp:featuredmedia":[{"embeddable":true,"href":"https:\/\/www.messinaoggi.it\/website\/wp-json\/wp\/v2\/media\/91535"}],"wp:attachment":[{"href":"https:\/\/www.messinaoggi.it\/website\/wp-json\/wp\/v2\/media?parent=180940"}],"wp:term":[{"taxonomy":"category","embeddable":true,"href":"https:\/\/www.messinaoggi.it\/website\/wp-json\/wp\/v2\/categories?post=180940"},{"taxonomy":"post_tag","embeddable":true,"href":"https:\/\/www.messinaoggi.it\/website\/wp-json\/wp\/v2\/tags?post=180940"}],"curies":[{"name":"wp","href":"https:\/\/api.w.org\/{rel}","templated":true}]}}