{"id":18089,"date":"2018-04-11T11:24:20","date_gmt":"2018-04-11T09:24:20","guid":{"rendered":"http:\/\/www.messinaoggi.it\/website\/?p=18089"},"modified":"2018-04-11T11:24:20","modified_gmt":"2018-04-11T09:24:20","slug":"inclusione-e-benessere-avviato-progetto-per-lintegrazione-scolastica","status":"publish","type":"post","link":"https:\/\/www.messinaoggi.it\/website\/2018\/04\/11\/inclusione-e-benessere-avviato-progetto-per-lintegrazione-scolastica\/","title":{"rendered":"&quot;Inclusione e benessere&quot;: avviato progetto per l&#039;integrazione scolastica"},"content":{"rendered":"<p align=\"JUSTIFY\">\u201c<span style=\"font-family: Arial, sans-serif\"><span style=\"font-size: medium\">Riteniamo di fondamentale importanza <\/span><\/span><span style=\"font-family: Arial, sans-serif\"><span style=\"font-size: medium\">coinvolgere sia ragazzi diversamente abili che normodotati in et\u00e0 scolare\u00a0<\/span><\/span><span style=\"font-size: medium;font-family: Arial, sans-serif\">in iniziative atte a sensibilizzarli su temi come l\u2019inclusione, la cura e il rispetto dell\u2019altro e della natura, oltre che a stimolare la collaborazione e l\u2019integrazione\u201d. Cos\u00ec Gianluca Paratore, presidente di \u201cEquitando\u201d e consigliere nazionale ANIRE (Associazione Nazionale Italiana Riabilitazione Equestre), spiegando quali sono gli obiettivi di \u201c<\/span><b style=\"font-size: medium;font-family: Arial, sans-serif\">Inclusione e benessere<\/b><span style=\"font-size: medium;font-family: Arial, sans-serif\">\u201d, progetto frutto di un protocollo di intesa tra l\u2019associazione \u201c<\/span><b style=\"font-size: medium;font-family: Arial, sans-serif\">Equitando\u201d Onlus Messina <\/b><span style=\"font-size: medium;font-family: Arial, sans-serif\">e l\u2019Istituto comprensivo \u201cSan Francesco di Paola\u201d. Infatti nella giornata di ieri, marted\u00ec 10 aprile, presso l\u2019impianto ippico \u201cConca D\u2019oro\u201d di Messina alcune classi della scuola \u201cSan Francesco di Paola\u201d hanno avuto modo di trascorrere la giornata scolastica in maneggio a stretto contatto con la natura e gli animali.<\/span><div id=\"div-gpt-ad-Messinaoggi.it-DSK-300x250-corpoart\" style=\"text-align:center;margin:0 auto;\"><\/div><\/p>\n<p align=\"JUSTIFY\"><span style=\"font-family: Arial, sans-serif\"><span style=\"font-size: medium\">Gli alunni, accompagnati dai docenti e seguiti dal personale del centro equestre, hanno avuto modo di avvicinarsi al mondo dell\u2019equitazione grazie alle spiegazioni degli istruttori, i quali, attraverso attivit\u00e0 ricreative e ludico-sportive, come la pulizia del cavallo, il cosiddetto \u201cgoverno della mano\u201d e la conduzione dell\u2019animale al passo, hanno coinvolto tutti gli studenti. <\/span><\/span><span style=\"font-family: Arial, sans-serif\"><span style=\"font-size: medium\">Ragazzi e bambini in questo modo imparano a conoscere i bisogni del cavallo e a prendersene cura, rispettando tutti le stesse regole dell\u2019approcciarsi con attenzione e rispetto all\u2019animale. Un processo questo che vede anche la partecipazione attiva del ragazzo disabile, coinvolto appieno nelle attivit\u00e0 svolte dal gruppo, acquistando cos\u00ec insieme ai compagni una maggiore responsabilit\u00e0, autonomia e coscienza di s\u00e9.<\/span><\/span><div id=\"videoincontent\" style=\"clear:both\";><\/div><\/p>\n<p align=\"LEFT\"><a name=\"_GoBack1\"><\/a><span style=\"font-family: Arial, sans-serif\"><span style=\"font-size: medium\">Questo protocollo di intesa per l\u2019inclusione scolastica rappresenta, quindi, un modello per tante scuole messinesi che oggi mirano non solo alla formazione culturale dei ragazzi, ma anche al raggiungimento di un buon livello di integrazione e sviluppo dei rapporti interpersonali come base per la crescita; raggiungibile solo se i singoli posseggono la maturit\u00e0 affettiva, se sono consapevoli del loro sentire e se riescono a rispettare la diversit\u00e0 e la sensibilit\u00e0 altrui e dell\u2019animale, tutte prerogative della disciplina equestre.<\/span><\/span><\/p>\n","protected":false},"excerpt":{"rendered":"<p>\u201cRiteniamo di fondamentale importanza coinvolgere sia ragazzi diversamente abili che normodotati in et\u00e0 scolare\u00a0in iniziative atte a sensibilizzarli su temi come l\u2019inclusione, la cura e il rispetto dell\u2019altro e della natura, oltre che a stimolare la collaborazione e l\u2019integrazione\u201d. Cos\u00ec Gianluca Paratore, presidente di \u201cEquitando\u201d e consigliere nazionale ANIRE (Associazione Nazionale Italiana Riabilitazione Equestre), spiegando [&hellip;]<\/p>\n","protected":false},"author":8,"featured_media":18092,"comment_status":"closed","ping_status":"open","sticky":false,"template":"","format":"standard","meta":{"ub_ctt_via":"","_mi_skip_tracking":false},"categories":[5],"tags":[],"featured_image_src":"https:\/\/www.messinaoggi.it\/website\/wp-content\/uploads\/2018\/04\/progetto-inclusione-e-benessere-1.jpg","author_info":{"display_name":"red..me","author_link":"https:\/\/www.messinaoggi.it\/website\/author\/redstage\/"},"digistream_id":0,"digistream":false,"_links":{"self":[{"href":"https:\/\/www.messinaoggi.it\/website\/wp-json\/wp\/v2\/posts\/18089"}],"collection":[{"href":"https:\/\/www.messinaoggi.it\/website\/wp-json\/wp\/v2\/posts"}],"about":[{"href":"https:\/\/www.messinaoggi.it\/website\/wp-json\/wp\/v2\/types\/post"}],"author":[{"embeddable":true,"href":"https:\/\/www.messinaoggi.it\/website\/wp-json\/wp\/v2\/users\/8"}],"replies":[{"embeddable":true,"href":"https:\/\/www.messinaoggi.it\/website\/wp-json\/wp\/v2\/comments?post=18089"}],"version-history":[{"count":0,"href":"https:\/\/www.messinaoggi.it\/website\/wp-json\/wp\/v2\/posts\/18089\/revisions"}],"wp:featuredmedia":[{"embeddable":true,"href":"https:\/\/www.messinaoggi.it\/website\/wp-json\/wp\/v2\/media\/18092"}],"wp:attachment":[{"href":"https:\/\/www.messinaoggi.it\/website\/wp-json\/wp\/v2\/media?parent=18089"}],"wp:term":[{"taxonomy":"category","embeddable":true,"href":"https:\/\/www.messinaoggi.it\/website\/wp-json\/wp\/v2\/categories?post=18089"},{"taxonomy":"post_tag","embeddable":true,"href":"https:\/\/www.messinaoggi.it\/website\/wp-json\/wp\/v2\/tags?post=18089"}],"curies":[{"name":"wp","href":"https:\/\/api.w.org\/{rel}","templated":true}]}}