{"id":18088,"date":"2018-04-11T11:02:53","date_gmt":"2018-04-11T09:02:53","guid":{"rendered":"http:\/\/www.messinaoggi.it\/website\/?p=18088"},"modified":"2018-04-11T11:02:53","modified_gmt":"2018-04-11T09:02:53","slug":"dipartimento-salute-mentale-asp-calapai-e-bicchieri-intervenga-il-prefetto","status":"publish","type":"post","link":"https:\/\/www.messinaoggi.it\/website\/2018\/04\/11\/dipartimento-salute-mentale-asp-calapai-e-bicchieri-intervenga-il-prefetto\/","title":{"rendered":"Dipartimento Salute Mentale Asp, Calapai e Bicchieri: &quot;Intervenga il prefetto&quot;"},"content":{"rendered":"<p class=\"p1\" style=\"text-align: justify;\"><span class=\"s1\"><strong>Pippo Calapai<\/strong> e <strong>Giovanna Bicchieri<\/strong>, rispettivamente segretario generale e responsabile sanit\u00e0 della Uil-Fpl Messina, hanno scritto al prefetto, al commissario dell\u2019Asp di Messina e all\u2019assessore regionale alla Salute, per la vicenda relativa alla carenza di personale al Dipartimento di Salute mentale Messina Nord.<\/span><div id=\"div-gpt-ad-Messinaoggi.it-DSK-300x250-corpoart\" style=\"text-align:center;margin:0 auto;\"><\/div><\/p>\n<p class=\"p1\" style=\"text-align: justify;\"><span class=\"s1\">\u201c<em>Com\u2019\u00e8 ben noto, in data 03\/04\/2017, la Uil Fpl ha attivato le procedure obbligatorie di Conciliazione Preventiva alla Proclamazione dello Sciopero Aziendale, del Personale Infermieristico del Dipartimento di Salute Mentale di Messina Nord, art 2 comma 2 della L. 146\/90., presso il Sig. Prefetto di Messina, ottenendo l\u2019impegno da parte del Dott. Ciraolo, intervenuto per nome e per conto dell\u2019Asp, di assegnare in breve tempo n. 6 Unit\u00e0 Infermieristiche e n. 1 Coordinatore. Purtroppo, invece, risulta alla nostra organizzazione sindacale che a distanza di un anno, sono state assegnate al Dipartimento in oggetto, esclusivamente n. 2 Infermieri, con Contratto a tempo determinato, a fronte del fatto che la gi\u00e0 gravissima carenza organica, si accentuer\u00e0 alla fine del mese di aprile, quando altre due unit\u00e0\u00a0 andranno in quiescenza presso la CTA (Comunit\u00e0 terapeutica assistita<\/em>\u201d.<\/span><div id=\"videoincontent\" style=\"clear:both\";><\/div><\/p>\n<p class=\"p1\" style=\"text-align: justify;\"><span class=\"s1\">E\u2019 quanto scrivono nella nota i sindacalisti, i quali aggiungono. \u201c<em>Si precisa altres\u00ec, che nelle more della definizione delle procedure necessarie per la copertura dei predetti posti vacanti in dotazione organica, \u00e8 stato disposto anche, che fosse assegnato un monte ore di Straordinario finalizzato ad evitare eventuali rientri del personale in violazione del Dlgs 161\/2014, nonch\u00e9 a garantire il Diritto alla corresponsione economica dei lavoratori, che non si trovino in debito orario.\u00a0<\/em><\/span><span class=\"s1\"><em>Pertanto, per tutto ci\u00f2 di cui sopra, poich\u00e9 gli impegni assunti non sono stati rispettati se non in minima parte, considerato che la Salute Mentale ancora una volta viene messa in ginocchio e resa apparentemente meno competitiva e concorrenziale delle Strutture Private, considerato altres\u00ec che in maniera, a nostro giudizio, pericolosa ed \u00a0arbitraria si \u00e8 preferito ridurre il n. dei posti letto della Cta da 20 a 16 e, dell\u2019Spdc da 15 a 12, tenuto conto del fatto che sempre pi\u00f9 spesso vengono effettuate dimissioni dalle Cta presenti nella Citt\u00e0 di Messina e nella provincia a favore di quella accreditata e convenzionata ubicata nella Via 24 Maggio,\u00a0 si invita Sua Eccellenza il Sig. Prefetto di Messina, ad indire un nuovo incontro alla presenza dei vertici dell\u2019Asp, al fine di porre in essere tutti gli strumenti necessari ad evitare diversamente l\u2019indizione dello Sciopero Generale\u201d<\/em>.<\/span><\/p>\n","protected":false},"excerpt":{"rendered":"<p>Pippo Calapai e Giovanna Bicchieri, rispettivamente segretario generale e responsabile sanit\u00e0 della Uil-Fpl Messina, hanno scritto al prefetto, al commissario dell\u2019Asp di Messina e all\u2019assessore regionale alla Salute, per la vicenda relativa alla carenza di personale al Dipartimento di Salute mentale Messina Nord. \u201cCom\u2019\u00e8 ben noto, in data 03\/04\/2017, la Uil Fpl ha attivato le [&hellip;]<\/p>\n","protected":false},"author":2,"featured_media":17177,"comment_status":"closed","ping_status":"open","sticky":false,"template":"","format":"standard","meta":{"ub_ctt_via":"","_mi_skip_tracking":false},"categories":[5],"tags":[],"featured_image_src":"https:\/\/www.messinaoggi.it\/website\/wp-content\/uploads\/2018\/03\/Bicchieri-Calapai-1.jpg","author_info":{"display_name":"Redazione","author_link":"https:\/\/www.messinaoggi.it\/website\/author\/redazione\/"},"digistream_id":0,"digistream":false,"_links":{"self":[{"href":"https:\/\/www.messinaoggi.it\/website\/wp-json\/wp\/v2\/posts\/18088"}],"collection":[{"href":"https:\/\/www.messinaoggi.it\/website\/wp-json\/wp\/v2\/posts"}],"about":[{"href":"https:\/\/www.messinaoggi.it\/website\/wp-json\/wp\/v2\/types\/post"}],"author":[{"embeddable":true,"href":"https:\/\/www.messinaoggi.it\/website\/wp-json\/wp\/v2\/users\/2"}],"replies":[{"embeddable":true,"href":"https:\/\/www.messinaoggi.it\/website\/wp-json\/wp\/v2\/comments?post=18088"}],"version-history":[{"count":0,"href":"https:\/\/www.messinaoggi.it\/website\/wp-json\/wp\/v2\/posts\/18088\/revisions"}],"wp:featuredmedia":[{"embeddable":true,"href":"https:\/\/www.messinaoggi.it\/website\/wp-json\/wp\/v2\/media\/17177"}],"wp:attachment":[{"href":"https:\/\/www.messinaoggi.it\/website\/wp-json\/wp\/v2\/media?parent=18088"}],"wp:term":[{"taxonomy":"category","embeddable":true,"href":"https:\/\/www.messinaoggi.it\/website\/wp-json\/wp\/v2\/categories?post=18088"},{"taxonomy":"post_tag","embeddable":true,"href":"https:\/\/www.messinaoggi.it\/website\/wp-json\/wp\/v2\/tags?post=18088"}],"curies":[{"name":"wp","href":"https:\/\/api.w.org\/{rel}","templated":true}]}}