{"id":18084,"date":"2018-04-11T10:43:02","date_gmt":"2018-04-11T08:43:02","guid":{"rendered":"http:\/\/www.messinaoggi.it\/website\/?p=18084"},"modified":"2018-04-11T10:43:02","modified_gmt":"2018-04-11T08:43:02","slug":"messina-al-buio-lilluminazione-pubblica-fa-acqua-da-tutte-le-parti","status":"publish","type":"post","link":"https:\/\/www.messinaoggi.it\/website\/2018\/04\/11\/messina-al-buio-lilluminazione-pubblica-fa-acqua-da-tutte-le-parti\/","title":{"rendered":"Messina al buio, l&#039;illuminazione pubblica fa acqua da tutte le parti"},"content":{"rendered":"<p>Una citt\u00e0 avvolta dalle tenebre tra disfunzioni, illegalit\u00e0 e vandalismo. Messina piomba sempre pi\u00f9 nel buio in un&#8217;emergenza che non ha precedenti. Se a Giampilieri Marina un palo della luce abbattuto da un&#8217;auto ad ottobre non \u00e8 stato ancora sostituito (l&#8217;Anas avrebbe sollecitato il Comune senza ricevere risposte), si pu\u00f2 capire ed intuire lo stato comatoso di un dipartimento, che ormai non sa pi\u00f9 a che santo votarsi. Si chiama pubblica illuminazione, un optional in riva allo Stretto con interi quartieri senza luce e senza speranza&#8230;<br \/>\nA Camaro San Luigi, l&#8217;impianto di illuminazione pubblica \u00e8 fuori servizio a\u00a0causa di una costruzione abusiva, che ha occupato il marciapiede rendendo persino inaccessibili i sottoservizi; a tal proposito \u00e8 stata inoltrata segnalazione alla Sezione Tutela della Polizia municipale ed al dipartimento di Edilizia privata.<br \/>\nIntanto sono state eseguite le riparazioni sugli impianti dipendenti dalla cabina Due Vie (via Santa Cecilia, via Santa Marta, via Antonio Martino) e dalla cabina Dante via Catania &#8211; Provinciale, ripristinando il corretto funzionamento. E&#8217; in corso un intervento di riparazione sull&#8217;impianto del quadrilatero Piccole Suore (via Reggio Calabria, via Toscana, via Napoli e limitrofe), mentre un&#8217;altra squadra \u00e8 stata impegnata\u00a0sull&#8217;impianto di via Monte Scuderi, nel rione Villa Lina, messo ko da un incendio sulla linea.<br \/>\n<strong>Tonino Demana<\/strong><br \/>\n <br \/>\n <div id=\"div-gpt-ad-Messinaoggi.it-DSK-300x250-corpoart\" style=\"text-align:center;margin:0 auto;\"><\/div><\/p>\n<div id=\"videoincontent\" style=\"clear:both\";><\/div>","protected":false},"excerpt":{"rendered":"<p>Una citt\u00e0 avvolta dalle tenebre tra disfunzioni, illegalit\u00e0 e vandalismo. Messina piomba sempre pi\u00f9 nel buio in un&#8217;emergenza che non ha precedenti. Se a Giampilieri Marina un palo della luce abbattuto da un&#8217;auto ad ottobre non \u00e8 stato ancora sostituito (l&#8217;Anas avrebbe sollecitato il Comune senza ricevere risposte), si pu\u00f2 capire ed intuire lo stato [&hellip;]<\/p>\n","protected":false},"author":4,"featured_media":5421,"comment_status":"closed","ping_status":"open","sticky":false,"template":"","format":"standard","meta":{"ub_ctt_via":"","_mi_skip_tracking":false},"categories":[6],"tags":[],"featured_image_src":"https:\/\/www.messinaoggi.it\/website\/wp-content\/uploads\/2017\/07\/viale-europa-al-buio-messinaoggiMR-2.jpg","author_info":{"display_name":"redme","author_link":"https:\/\/www.messinaoggi.it\/website\/author\/redme\/"},"digistream_id":0,"digistream":false,"_links":{"self":[{"href":"https:\/\/www.messinaoggi.it\/website\/wp-json\/wp\/v2\/posts\/18084"}],"collection":[{"href":"https:\/\/www.messinaoggi.it\/website\/wp-json\/wp\/v2\/posts"}],"about":[{"href":"https:\/\/www.messinaoggi.it\/website\/wp-json\/wp\/v2\/types\/post"}],"author":[{"embeddable":true,"href":"https:\/\/www.messinaoggi.it\/website\/wp-json\/wp\/v2\/users\/4"}],"replies":[{"embeddable":true,"href":"https:\/\/www.messinaoggi.it\/website\/wp-json\/wp\/v2\/comments?post=18084"}],"version-history":[{"count":0,"href":"https:\/\/www.messinaoggi.it\/website\/wp-json\/wp\/v2\/posts\/18084\/revisions"}],"wp:featuredmedia":[{"embeddable":true,"href":"https:\/\/www.messinaoggi.it\/website\/wp-json\/wp\/v2\/media\/5421"}],"wp:attachment":[{"href":"https:\/\/www.messinaoggi.it\/website\/wp-json\/wp\/v2\/media?parent=18084"}],"wp:term":[{"taxonomy":"category","embeddable":true,"href":"https:\/\/www.messinaoggi.it\/website\/wp-json\/wp\/v2\/categories?post=18084"},{"taxonomy":"post_tag","embeddable":true,"href":"https:\/\/www.messinaoggi.it\/website\/wp-json\/wp\/v2\/tags?post=18084"}],"curies":[{"name":"wp","href":"https:\/\/api.w.org\/{rel}","templated":true}]}}