{"id":18080,"date":"2018-04-11T09:38:14","date_gmt":"2018-04-11T07:38:14","guid":{"rendered":"http:\/\/www.messinaoggi.it\/website\/?p=18080"},"modified":"2018-04-11T09:38:14","modified_gmt":"2018-04-11T07:38:14","slug":"de-luca-bacchetta-musumeci-non-sfugga-al-dibattito","status":"publish","type":"post","link":"https:\/\/www.messinaoggi.it\/website\/2018\/04\/11\/de-luca-bacchetta-musumeci-non-sfugga-al-dibattito\/","title":{"rendered":"De Luca &quot;bacchetta&quot; Musumeci. &quot;Non sfugga al dibattito&quot;"},"content":{"rendered":"<p class=\"p1\" style=\"text-align: justify;\"><span class=\"s1\">\u201cIl Governo e l\u2019Assessore Armao cercano letteralmente di fuggire dal confronto e dal dibattito parlamentare. Un comportamento inaccettabile che rischia di mortificare il parlamento e le prerogative dei deputati.<\/span><div id=\"div-gpt-ad-Messinaoggi.it-DSK-300x250-corpoart\" style=\"text-align:center;margin:0 auto;\"><\/div><\/p>\n<p class=\"p1\" style=\"text-align: justify;\"><span class=\"s1\">Per questo ho chiesto la convocazione urgente dei capigruppo per fissare un nuovo termine per la presentazione degli emendamenti in tutte le Commissioni.\u201d<\/span><div id=\"videoincontent\" style=\"clear:both\";><\/div><\/p>\n<p class=\"p1\" style=\"text-align: justify;\"><span class=\"s1\">Lo ha dichiarato Cateno De Luca intervenendo poco fa in Aula all\u2019Assemblea Regionale Siciliana, ricordando che solo venerd\u00ec scorso la Giunta ha approvato una ulteriore variazione della legge di stabilit\u00e0 e del bilancio, proprio nelle stesse ore in cui scadeva il termine per la presentazione degli emendamenti al testo precedente.<\/span><\/p>\n<p class=\"p1\" style=\"text-align: justify;\"><span class=\"s1\">De Luca si dice \u201cpreoccupato perch\u00e9 molte norme nella legge di stabilit\u00e0 hanno una copertura farlocca, affidata a presunti fondi extraregionali di dubbia utilizzazione e per i quali il governo non ha fornito alcuna spiegazione.\u201d<\/span><\/p>\n<p class=\"p1\" style=\"text-align: justify;\"><span class=\"s1\">De Luca preannuncia una vera e propria battaglia degli emendamenti e richiama alle proprie responsabilit\u00e0 l\u2019onorevole Miccich\u00e9: \u201cse il presidente dell\u2019ARS ritiene legittimo questo modus operandi se ne dovr\u00e0 assumere la responsabilit\u00e0 anche al cospetto di mille emendamenti che presenter\u00f2 con la medesima modalit\u00e0 di copertura finanziaria utilizzata dal governo. Ritengo utile approvare il bilancio con la correzione da fare per recuperare i 700 MILONI di euro mancanti, rimandando a quando il Governo avr\u00e0 le idee chiare l\u2019approvazione delle \u201cgrandi riforme\u201d che Musumeci continua ad annunciare e sbandierare ai quattro venti.\u201d<\/span><\/p>\n","protected":false},"excerpt":{"rendered":"<p>\u201cIl Governo e l\u2019Assessore Armao cercano letteralmente di fuggire dal confronto e dal dibattito parlamentare. Un comportamento inaccettabile che rischia di mortificare il parlamento e le prerogative dei deputati. Per questo ho chiesto la convocazione urgente dei capigruppo per fissare un nuovo termine per la presentazione degli emendamenti in tutte le Commissioni.\u201d Lo ha dichiarato [&hellip;]<\/p>\n","protected":false},"author":2,"featured_media":12913,"comment_status":"closed","ping_status":"open","sticky":false,"template":"","format":"standard","meta":{"ub_ctt_via":"","_mi_skip_tracking":false},"categories":[11],"tags":[],"featured_image_src":"https:\/\/www.messinaoggi.it\/website\/wp-content\/uploads\/2017\/12\/conf-stampa-de-luca-RRP_6839.jpg","author_info":{"display_name":"Redazione","author_link":"https:\/\/www.messinaoggi.it\/website\/author\/redazione\/"},"digistream_id":0,"digistream":false,"_links":{"self":[{"href":"https:\/\/www.messinaoggi.it\/website\/wp-json\/wp\/v2\/posts\/18080"}],"collection":[{"href":"https:\/\/www.messinaoggi.it\/website\/wp-json\/wp\/v2\/posts"}],"about":[{"href":"https:\/\/www.messinaoggi.it\/website\/wp-json\/wp\/v2\/types\/post"}],"author":[{"embeddable":true,"href":"https:\/\/www.messinaoggi.it\/website\/wp-json\/wp\/v2\/users\/2"}],"replies":[{"embeddable":true,"href":"https:\/\/www.messinaoggi.it\/website\/wp-json\/wp\/v2\/comments?post=18080"}],"version-history":[{"count":0,"href":"https:\/\/www.messinaoggi.it\/website\/wp-json\/wp\/v2\/posts\/18080\/revisions"}],"wp:featuredmedia":[{"embeddable":true,"href":"https:\/\/www.messinaoggi.it\/website\/wp-json\/wp\/v2\/media\/12913"}],"wp:attachment":[{"href":"https:\/\/www.messinaoggi.it\/website\/wp-json\/wp\/v2\/media?parent=18080"}],"wp:term":[{"taxonomy":"category","embeddable":true,"href":"https:\/\/www.messinaoggi.it\/website\/wp-json\/wp\/v2\/categories?post=18080"},{"taxonomy":"post_tag","embeddable":true,"href":"https:\/\/www.messinaoggi.it\/website\/wp-json\/wp\/v2\/tags?post=18080"}],"curies":[{"name":"wp","href":"https:\/\/api.w.org\/{rel}","templated":true}]}}