{"id":18079,"date":"2018-04-11T09:35:52","date_gmt":"2018-04-11T07:35:52","guid":{"rendered":"http:\/\/www.messinaoggi.it\/website\/?p=18079"},"modified":"2018-04-11T09:35:52","modified_gmt":"2018-04-11T07:35:52","slug":"amministrative-anche-ludc-a-sostegno-di-bramanti-sindaco","status":"publish","type":"post","link":"https:\/\/www.messinaoggi.it\/website\/2018\/04\/11\/amministrative-anche-ludc-a-sostegno-di-bramanti-sindaco\/","title":{"rendered":"Amministrative: anche l&#039;Udc a sostegno di Bramanti sindaco"},"content":{"rendered":"<p style=\"text-align: justify;\">\u201cL\u2019Udc di Messina sostiene con determinazione la candidatura a sindaco di Messina del prof. Dino Bramanti, espressione di una cultura politica costruita nel tempo sulla base di valori condivisi\u201d. Lo scrive in una nota stampa il segretario provinciale del partito, Giovanni Frazzica.<div id=\"div-gpt-ad-Messinaoggi.it-DSK-300x250-corpoart\" style=\"text-align:center;margin:0 auto;\"><\/div><\/p>\n<p style=\"text-align: justify;\">\u201cC\u2019\u00e8 inoltre la consapevolezza che l\u2019impegno del prof. Bramanti a farsi carico dell\u2019Amministrazione del Comune \u2013 si legge ancora nel documento &#8211; possa rappresentare una grande opportunit\u00e0 per la Citt\u00e0, considerato che il bagaglio di esperienze manageriali di successo che caratterizzano il suo curriculum \u00e8 di tutto rispetto e lo rendono unico rispetto al panorama di candidature presenti in questa tornata elettorale. L\u2019Udc ritiene che Messina abbia l\u2019assoluta necessit\u00e0 di una guida serie, autorevole e professionale che sappia gestire una fase di rinascita e di sviluppo che la faccia risalire dalla china in cui \u00e8 scivolata e la riagganci alle grandi realt\u00e0 metropolitane italiane ed europee\u201d.<div id=\"videoincontent\" style=\"clear:both\";><\/div><\/p>\n","protected":false},"excerpt":{"rendered":"<p>\u201cL\u2019Udc di Messina sostiene con determinazione la candidatura a sindaco di Messina del prof. Dino Bramanti, espressione di una cultura politica costruita nel tempo sulla base di valori condivisi\u201d. Lo scrive in una nota stampa il segretario provinciale del partito, Giovanni Frazzica. \u201cC\u2019\u00e8 inoltre la consapevolezza che l\u2019impegno del prof. Bramanti a farsi carico dell\u2019Amministrazione [&hellip;]<\/p>\n","protected":false},"author":2,"featured_media":13451,"comment_status":"closed","ping_status":"open","sticky":false,"template":"","format":"standard","meta":{"ub_ctt_via":"","_mi_skip_tracking":false},"categories":[4],"tags":[],"featured_image_src":"https:\/\/www.messinaoggi.it\/website\/wp-content\/uploads\/2017\/12\/conf-stampa-naro-cipriano-frazzica-RRP_7982.jpg","author_info":{"display_name":"Redazione","author_link":"https:\/\/www.messinaoggi.it\/website\/author\/redazione\/"},"digistream_id":0,"digistream":false,"_links":{"self":[{"href":"https:\/\/www.messinaoggi.it\/website\/wp-json\/wp\/v2\/posts\/18079"}],"collection":[{"href":"https:\/\/www.messinaoggi.it\/website\/wp-json\/wp\/v2\/posts"}],"about":[{"href":"https:\/\/www.messinaoggi.it\/website\/wp-json\/wp\/v2\/types\/post"}],"author":[{"embeddable":true,"href":"https:\/\/www.messinaoggi.it\/website\/wp-json\/wp\/v2\/users\/2"}],"replies":[{"embeddable":true,"href":"https:\/\/www.messinaoggi.it\/website\/wp-json\/wp\/v2\/comments?post=18079"}],"version-history":[{"count":0,"href":"https:\/\/www.messinaoggi.it\/website\/wp-json\/wp\/v2\/posts\/18079\/revisions"}],"wp:featuredmedia":[{"embeddable":true,"href":"https:\/\/www.messinaoggi.it\/website\/wp-json\/wp\/v2\/media\/13451"}],"wp:attachment":[{"href":"https:\/\/www.messinaoggi.it\/website\/wp-json\/wp\/v2\/media?parent=18079"}],"wp:term":[{"taxonomy":"category","embeddable":true,"href":"https:\/\/www.messinaoggi.it\/website\/wp-json\/wp\/v2\/categories?post=18079"},{"taxonomy":"post_tag","embeddable":true,"href":"https:\/\/www.messinaoggi.it\/website\/wp-json\/wp\/v2\/tags?post=18079"}],"curies":[{"name":"wp","href":"https:\/\/api.w.org\/{rel}","templated":true}]}}